{"id":110837,"date":"2024-11-14T16:42:32","date_gmt":"2024-11-14T19:42:32","guid":{"rendered":"https:\/\/laurbedigital.com.ar\/noticias\/?p=110837"},"modified":"2024-11-14T16:42:32","modified_gmt":"2024-11-14T19:42:32","slug":"provincia-de-buenos-aires-lanza-plan-de-infraestructura-universitaria-para-paliar-recortes-federales","status":"publish","type":"post","link":"https:\/\/laurbedigital.com.ar\/noticias\/2024\/11\/14\/provincia-de-buenos-aires-lanza-plan-de-infraestructura-universitaria-para-paliar-recortes-federales\/","title":{"rendered":"Provincia de Buenos Aires lanza plan de infraestructura universitaria para paliar recortes federales"},"content":{"rendered":"<p>La Provincia de Buenos Aires, mediante el Decreto 2797\/24, ha lanzado oficialmente su Plan de Infraestructura Universitaria. Este programa tiene como objetivo compensar el recorte presupuestario a las universidades nacionales implementado por el gobierno de Javier Milei, asegurando as\u00ed la continuidad y expansi\u00f3n de obras fundamentales para las instituciones de educaci\u00f3n superior en territorio bonaerense. Este plan se concret\u00f3 tras la firma de convenios entre el gobernador Axel Kicillof y rectores de 24 universidades nacionales presentes en la provincia.<\/p>\n<p>El anuncio del plan no es una medida improvisada, sino que ven\u00eda siendo trabajado desde mayo, cuando Kicillof adelant\u00f3 su intenci\u00f3n de financiar diez obras de infraestructura universitaria abandonadas por el gobierno federal. La aprobaci\u00f3n de este decreto establece el marco legal que formaliza y asegura la inversi\u00f3n, permitiendo que las universidades bonaerenses sigan desarroll\u00e1ndose en condiciones adecuadas.<\/p>\n<h4><strong>Objetivos del plan y detalles financieros<\/strong><\/h4>\n<p>El Plan de Infraestructura Universitaria destinar\u00e1 26.762 millones de pesos a 21 obras de construcci\u00f3n, mantenimiento y ampliaci\u00f3n de instalaciones en universidades de la provincia. Este presupuesto incluye la reactivaci\u00f3n de proyectos previamente financiados por el gobierno nacional que quedaron sin fondos. La Provincia asume la responsabilidad de hasta el 100% de la financiaci\u00f3n de estas obras, focalizando recursos en aquellas que hab\u00edan iniciado pero quedaron inconclusas.<\/p>\n<p>Sin embargo, la relaci\u00f3n entre la provincia y las universidades no es \u00fanicamente financiera. La gesti\u00f3n directa de las obras recaer\u00e1 en las propias universidades, en una colaboraci\u00f3n que facilita la administraci\u00f3n de los recursos y respeta la autonom\u00eda de las instituciones acad\u00e9micas. El Ministerio de Infraestructura y Servicios P\u00fablicos ser\u00e1 el encargado de supervisar y coordinar la ejecuci\u00f3n de este plan, con \u00e9nfasis en asegurar que cada universidad cumpla con los requisitos para acceder al financiamiento.<\/p>\n<h4><strong>Condiciones y proceso de desembolso<\/strong><\/h4>\n<p>Las universidades que deseen participar del plan deber\u00e1n someter sus proyectos a un proceso de redeterminaci\u00f3n de precios, una medida necesaria para ajustar los presupuestos a los costos actuales de materiales y mano de obra. Una vez que las universidades hayan cumplido con esta actualizaci\u00f3n de precios, el Ministerio de Obras P\u00fablicas provincial emitir\u00e1 una resoluci\u00f3n que aprobar\u00e1 el proyecto y autorizar\u00e1 el financiamiento.<\/p>\n<p>El decreto establece un sistema de desembolso en etapas para evitar futuros retrasos financieros. Las universidades podr\u00e1n recibir un anticipo de hasta el 15% del presupuesto asignado a la obra y un segundo desembolso del 20% 15 d\u00edas antes de la fecha l\u00edmite para la reactivaci\u00f3n de los trabajos. Este modelo financiero pretende eliminar las barreras presupuestarias que surgieron a partir del recorte nacional, asegurando que las obras en curso puedan avanzar sin interrupciones.<\/p>\n<h4><strong>Impacto en las universidades y el futuro de la educaci\u00f3n superior<\/strong><\/h4>\n<p>La implementaci\u00f3n de este plan tiene un impacto positivo en la comunidad educativa, no solo por las mejoras inmediatas en infraestructura, sino tambi\u00e9n por el mensaje de respaldo a las universidades que hist\u00f3ricamente han enfrentado dificultades presupuestarias. La decisi\u00f3n de Kicillof de asumir el financiamiento responde a la necesidad urgente de contar con infraestructura adecuada para el desarrollo acad\u00e9mico, un \u00e1rea clave para la formaci\u00f3n de profesionales en el pa\u00eds.<\/p>\n<p>Adem\u00e1s, el programa busca fortalecer la relaci\u00f3n entre las universidades y el gobierno provincial, consolidando un modelo de gesti\u00f3n conjunta que podr\u00eda ser replicado en otras \u00e1reas de cooperaci\u00f3n entre el Estado y las instituciones educativas. Con esta medida, la provincia de Buenos Aires da un paso significativo hacia la defensa de la educaci\u00f3n p\u00fablica, en un contexto en el que las universidades nacionales dependen cada vez m\u00e1s de las iniciativas locales.<\/p>\n","protected":false},"excerpt":{"rendered":"<p>La Provincia de Buenos Aires, mediante el Decreto 2797\/24, ha lanzado oficialmente su Plan de Infraestructura Universitaria. Este programa tiene<\/p>\n","protected":false},"author":1,"featured_media":110828,"comment_status":"closed","ping_status":"closed","sticky":false,"template":"","format":"standard","meta":{"kia_subtitle":"La iniciativa provincial busca reactivar 21 obras en universidades, cubriendo un d\u00e9ficit de inversi\u00f3n nacional mediante una inversi\u00f3n de m\u00e1s de 26.000 millones de pesos.","footnotes":"","jetpack_publicize_message":"","jetpack_publicize_feature_enabled":true,"jetpack_social_post_already_shared":true,"jetpack_social_options":{"image_generator_settings":{"template":"highway","default_image_id":0,"font":"","enabled":false},"version":2}},"categories":[3,56],"tags":[],"class_list":["post-110837","post","type-post","status-publish","format-standard","has-post-thumbnail","hentry","category-actualidad","category-buenos-aires"],"jetpack_publicize_connections":[],"jetpack_featured_media_url":"https:\/\/laurbedigital.com.ar\/noticias\/wp-content\/uploads\/2024\/11\/20241115-obras.jpg","_links":{"self":[{"href":"https:\/\/laurbedigital.com.ar\/noticias\/wp-json\/wp\/v2\/posts\/110837","targetHints":{"allow":["GET"]}}],"collection":[{"href":"https:\/\/laurbedigital.com.ar\/noticias\/wp-json\/wp\/v2\/posts"}],"about":[{"href":"https:\/\/laurbedigital.com.ar\/noticias\/wp-json\/wp\/v2\/types\/post"}],"author":[{"embeddable":true,"href":"https:\/\/laurbedigital.com.ar\/noticias\/wp-json\/wp\/v2\/users\/1"}],"replies":[{"embeddable":true,"href":"https:\/\/laurbedigital.com.ar\/noticias\/wp-json\/wp\/v2\/comments?post=110837"}],"version-history":[{"count":2,"href":"https:\/\/laurbedigital.com.ar\/noticias\/wp-json\/wp\/v2\/posts\/110837\/revisions"}],"predecessor-version":[{"id":110839,"href":"https:\/\/laurbedigital.com.ar\/noticias\/wp-json\/wp\/v2\/posts\/110837\/revisions\/110839"}],"wp:featuredmedia":[{"embeddable":true,"href":"https:\/\/laurbedigital.com.ar\/noticias\/wp-json\/wp\/v2\/media\/110828"}],"wp:attachment":[{"href":"https:\/\/laurbedigital.com.ar\/noticias\/wp-json\/wp\/v2\/media?parent=110837"}],"wp:term":[{"taxonomy":"category","embeddable":true,"href":"https:\/\/laurbedigital.com.ar\/noticias\/wp-json\/wp\/v2\/categories?post=110837"},{"taxonomy":"post_tag","embeddable":true,"href":"https:\/\/laurbedigital.com.ar\/noticias\/wp-json\/wp\/v2\/tags?post=110837"}],"curies":[{"name":"wp","href":"https:\/\/api.w.org\/{rel}","templated":true}]}}