{"id":110795,"date":"2024-11-14T00:08:39","date_gmt":"2024-11-14T03:08:39","guid":{"rendered":"https:\/\/laurbedigital.com.ar\/noticias\/?p=110795"},"modified":"2024-11-13T22:08:25","modified_gmt":"2024-11-14T01:08:25","slug":"dia-mundial-de-la-diabetes-un-llamado-a-la-prevencion-y-la-conciencia-sobre-una-epidemia-latente","status":"publish","type":"post","link":"https:\/\/laurbedigital.com.ar\/noticias\/2024\/11\/14\/dia-mundial-de-la-diabetes-un-llamado-a-la-prevencion-y-la-conciencia-sobre-una-epidemia-latente\/","title":{"rendered":"D\u00eda Mundial de la Diabetes: Un llamado a la prevenci\u00f3n y la conciencia sobre una epidemia latente"},"content":{"rendered":"<p>El D\u00eda Mundial de la Diabetes se celebra cada 14 de noviembre desde 1991, instaurado por la Federaci\u00f3n Internacional de la Diabetes y la Organizaci\u00f3n Mundial de la Salud. La fecha busca concienciar sobre esta condici\u00f3n que, pese a ser silenciosa, tiene profundas repercusiones en la calidad de vida y la econom\u00eda global. La diabetes es una enfermedad cr\u00f3nica que afecta a m\u00e1s de 530 millones de adultos en el mundo, seg\u00fan la Federaci\u00f3n Internacional de la Diabetes, y las cifras contin\u00faan en aumento. Este a\u00f1o, el enfoque se centra en la educaci\u00f3n y en el acceso a la atenci\u00f3n, dos pilares esenciales para mitigar el impacto de la enfermedad.<\/p>\n<p>La diabetes es una enfermedad que ocurre cuando el cuerpo no puede producir suficiente insulina o no la usa de manera adecuada. La insulina es una hormona que regula los niveles de glucosa en la sangre. Cuando su funcionamiento falla, la glucosa se acumula en el torrente sangu\u00edneo, lo que puede provocar complicaciones graves, como enfermedades card\u00edacas, renales, neuropat\u00edas y problemas de visi\u00f3n.<\/p>\n<p>Existen tres tipos principales de diabetes: tipo 1, tipo 2 y diabetes gestacional. La diabetes tipo 1 es una condici\u00f3n autoinmune que suele diagnosticarse en la infancia o adolescencia. En cambio, la diabetes tipo 2, la m\u00e1s com\u00fan, est\u00e1 directamente relacionada con factores de riesgo como la obesidad, el sedentarismo y la mala alimentaci\u00f3n. Finalmente, la diabetes gestacional afecta a algunas mujeres durante el embarazo y puede derivar en problemas de salud tanto para la madre como para el beb\u00e9.<\/p>\n<p>A pesar de que la diabetes no tiene cura, un diagn\u00f3stico temprano y un tratamiento adecuado pueden reducir sus complicaciones. Sin embargo, el acceso a medicamentos, tecnolog\u00eda de control y asesoramiento profesional sigue siendo limitado en muchas partes del mundo. Esto, sumado a la falta de educaci\u00f3n, dificulta el manejo efectivo de la enfermedad.<\/p>\n<p>La educaci\u00f3n en diabetes es vital. Comprender la importancia de la dieta balanceada, el ejercicio y el control rutinario de la glucosa puede ayudar a las personas a evitar o retrasar la aparici\u00f3n de la enfermedad. Para quienes ya la padecen, el conocimiento sobre el manejo adecuado es una herramienta clave para mejorar su calidad de vida y reducir las complicaciones.<\/p>\n<p>El D\u00eda Mundial de la Diabetes es un recordatorio de la necesidad de pol\u00edticas de salud inclusivas, que garanticen el acceso a la atenci\u00f3n y promuevan la educaci\u00f3n preventiva. Aunque la diabetes representa un desaf\u00edo de salud global, con informaci\u00f3n adecuada y apoyo, es posible vivir una vida plena y saludable. La prevenci\u00f3n es responsabilidad de todos: gobiernos, instituciones y ciudadanos pueden contribuir a un futuro en el que la diabetes deje de ser una epidemia silenciosa.<\/p>\n","protected":false},"excerpt":{"rendered":"<p>El D\u00eda Mundial de la Diabetes se celebra cada 14 de noviembre desde 1991, instaurado por la Federaci\u00f3n Internacional de<\/p>\n","protected":false},"author":1,"featured_media":84923,"comment_status":"closed","ping_status":"closed","sticky":false,"template":"","format":"standard","meta":{"kia_subtitle":"Cada 14 de noviembre, el mundo se une para crear conciencia sobre la diabetes, una enfermedad cr\u00f3nica que afecta a millones de personas. Desde su diagn\u00f3stico hasta su prevenci\u00f3n, entender esta condici\u00f3n es clave para reducir su impacto en la salud global.","footnotes":"","jetpack_publicize_message":"","jetpack_publicize_feature_enabled":true,"jetpack_social_post_already_shared":true,"jetpack_social_options":{"image_generator_settings":{"template":"highway","default_image_id":0,"font":"","enabled":false},"version":2}},"categories":[5,2594],"tags":[],"class_list":["post-110795","post","type-post","status-publish","format-standard","has-post-thumbnail","hentry","category-cultura","category-efemerides"],"jetpack_publicize_connections":[],"jetpack_featured_media_url":"https:\/\/laurbedigital.com.ar\/noticias\/wp-content\/uploads\/2022\/11\/20221112-Diabetes.jpg","_links":{"self":[{"href":"https:\/\/laurbedigital.com.ar\/noticias\/wp-json\/wp\/v2\/posts\/110795","targetHints":{"allow":["GET"]}}],"collection":[{"href":"https:\/\/laurbedigital.com.ar\/noticias\/wp-json\/wp\/v2\/posts"}],"about":[{"href":"https:\/\/laurbedigital.com.ar\/noticias\/wp-json\/wp\/v2\/types\/post"}],"author":[{"embeddable":true,"href":"https:\/\/laurbedigital.com.ar\/noticias\/wp-json\/wp\/v2\/users\/1"}],"replies":[{"embeddable":true,"href":"https:\/\/laurbedigital.com.ar\/noticias\/wp-json\/wp\/v2\/comments?post=110795"}],"version-history":[{"count":1,"href":"https:\/\/laurbedigital.com.ar\/noticias\/wp-json\/wp\/v2\/posts\/110795\/revisions"}],"predecessor-version":[{"id":110796,"href":"https:\/\/laurbedigital.com.ar\/noticias\/wp-json\/wp\/v2\/posts\/110795\/revisions\/110796"}],"wp:featuredmedia":[{"embeddable":true,"href":"https:\/\/laurbedigital.com.ar\/noticias\/wp-json\/wp\/v2\/media\/84923"}],"wp:attachment":[{"href":"https:\/\/laurbedigital.com.ar\/noticias\/wp-json\/wp\/v2\/media?parent=110795"}],"wp:term":[{"taxonomy":"category","embeddable":true,"href":"https:\/\/laurbedigital.com.ar\/noticias\/wp-json\/wp\/v2\/categories?post=110795"},{"taxonomy":"post_tag","embeddable":true,"href":"https:\/\/laurbedigital.com.ar\/noticias\/wp-json\/wp\/v2\/tags?post=110795"}],"curies":[{"name":"wp","href":"https:\/\/api.w.org\/{rel}","templated":true}]}}