{"id":11071,"date":"2018-01-18T18:50:26","date_gmt":"2018-01-18T21:50:26","guid":{"rendered":"http:\/\/laurbedigital.com.ar\/noticias\/?p=11071"},"modified":"2018-01-18T18:50:26","modified_gmt":"2018-01-18T21:50:26","slug":"municipio-activo-protocolo-violencia-genero-caso-solano","status":"publish","type":"post","link":"https:\/\/laurbedigital.com.ar\/noticias\/2018\/01\/18\/municipio-activo-protocolo-violencia-genero-caso-solano\/","title":{"rendered":"El Municipio activ\u00f3 el protocolo de violencia de g\u00e9nero por el caso de Solano"},"content":{"rendered":"<p>El Municipio inform\u00f3 que desde las primeras horas de ayer mi\u00e9rcoles activ\u00f3 el protocolo para v\u00edctimas de violencia de g\u00e9nero asistiendo y conteniendo a la mujer que fue atacada por su pareja y que motiv\u00f3 que su hija, de doce a\u00f1os, acuchillara a su padrastro para defender a la madre.<\/p>\n<p>El trabajo del Municipio apunta tambi\u00e9n, y especialmente, al acompa\u00f1amiento y la contenci\u00f3n de la ni\u00f1a que tuvo la reacci\u00f3n frente al ataque que sufr\u00eda su madre.<\/p>\n<p>La gesti\u00f3n del intendente Mariano Cascallares inform\u00f3 que el propio jefe comunal se mantiene en contacto directo con la madre v\u00edctima y que ya cuenta con el Alerta Brown que incluye bot\u00f3n de p\u00e1nico, adem\u00e1s de tener a disposici\u00f3n el refugio para v\u00edctimas de violencia de g\u00e9nero que posee el Municipio.<\/p>\n<p>\u00abAdem\u00e1s pusimos a disposici\u00f3n de la madre y de sus hijos a todo el equipo interdisciplinario del Municipio para contenerlos y resguardarlos desde el punto de vista f\u00edsico y tambi\u00e9n psicol\u00f3gico. Tenemos a nuestros abogados, psic\u00f3logos y trabajadores sociales trabajando en el caso y acompa\u00f1ando a la familia tanto en el Hospital O\u00f1ativia como en la Fiscal\u00eda donde tramita la causa\u00bb, indic\u00f3 el secretario de Seguridad, Gonzalo Calvo.<\/p>\n<p>\u00abMariano Cascallares ya se comunic\u00f3 con la madre y estamos siguiendo el caso con todo un equipo interdisciplinario poni\u00e9ndonos a disposici\u00f3n en este delicado caso\u00bb, agreg\u00f3 Calvo<\/p>\n<p>El Municipio destac\u00f3 que, ante casos de violencia de g\u00e9nero, es muy importante realizar siempre la denuncia a la l\u00ednea 144<\/p>\n","protected":false},"excerpt":{"rendered":"<p>El Municipio inform\u00f3 que desde las primeras horas de ayer mi\u00e9rcoles activ\u00f3 el protocolo para v\u00edctimas de violencia de g\u00e9nero<\/p>\n","protected":false},"author":1,"featured_media":11072,"comment_status":"closed","ping_status":"closed","sticky":false,"template":"","format":"standard","meta":{"kia_subtitle":"","footnotes":"","jetpack_publicize_message":"","jetpack_publicize_feature_enabled":true,"jetpack_social_post_already_shared":true,"jetpack_social_options":{"image_generator_settings":{"template":"highway","default_image_id":0,"font":"","enabled":false},"version":2}},"categories":[66,33,8],"tags":[129,151,150],"class_list":["post-11071","post","type-post","status-publish","format-standard","has-post-thumbnail","hentry","category-interes-2","category-alte-brown-alte-brown","category-policiales","tag-almirante-brown","tag-protocolo","tag-violencia-de-genero"],"jetpack_publicize_connections":[],"jetpack_featured_media_url":"https:\/\/laurbedigital.com.ar\/noticias\/wp-content\/uploads\/2018\/01\/20180118-brown.jpg","_links":{"self":[{"href":"https:\/\/laurbedigital.com.ar\/noticias\/wp-json\/wp\/v2\/posts\/11071","targetHints":{"allow":["GET"]}}],"collection":[{"href":"https:\/\/laurbedigital.com.ar\/noticias\/wp-json\/wp\/v2\/posts"}],"about":[{"href":"https:\/\/laurbedigital.com.ar\/noticias\/wp-json\/wp\/v2\/types\/post"}],"author":[{"embeddable":true,"href":"https:\/\/laurbedigital.com.ar\/noticias\/wp-json\/wp\/v2\/users\/1"}],"replies":[{"embeddable":true,"href":"https:\/\/laurbedigital.com.ar\/noticias\/wp-json\/wp\/v2\/comments?post=11071"}],"version-history":[{"count":1,"href":"https:\/\/laurbedigital.com.ar\/noticias\/wp-json\/wp\/v2\/posts\/11071\/revisions"}],"predecessor-version":[{"id":11073,"href":"https:\/\/laurbedigital.com.ar\/noticias\/wp-json\/wp\/v2\/posts\/11071\/revisions\/11073"}],"wp:featuredmedia":[{"embeddable":true,"href":"https:\/\/laurbedigital.com.ar\/noticias\/wp-json\/wp\/v2\/media\/11072"}],"wp:attachment":[{"href":"https:\/\/laurbedigital.com.ar\/noticias\/wp-json\/wp\/v2\/media?parent=11071"}],"wp:term":[{"taxonomy":"category","embeddable":true,"href":"https:\/\/laurbedigital.com.ar\/noticias\/wp-json\/wp\/v2\/categories?post=11071"},{"taxonomy":"post_tag","embeddable":true,"href":"https:\/\/laurbedigital.com.ar\/noticias\/wp-json\/wp\/v2\/tags?post=11071"}],"curies":[{"name":"wp","href":"https:\/\/api.w.org\/{rel}","templated":true}]}}