{"id":110661,"date":"2024-11-12T23:06:42","date_gmt":"2024-11-13T02:06:42","guid":{"rendered":"https:\/\/laurbedigital.com.ar\/noticias\/?p=110661"},"modified":"2024-11-12T23:06:42","modified_gmt":"2024-11-13T02:06:42","slug":"donde-ver-la-joya-oculta-protagonizada-por-adam-sandler-y-ben-stiller","status":"publish","type":"post","link":"https:\/\/laurbedigital.com.ar\/noticias\/2024\/11\/12\/donde-ver-la-joya-oculta-protagonizada-por-adam-sandler-y-ben-stiller\/","title":{"rendered":"D\u00f3nde ver la joya oculta protagonizada por Adam Sandler y Ben Stiller"},"content":{"rendered":"<h4><strong>De qu\u00e9 trata la pel\u00edcula \u00abLos Meyerowitz: la familia no se elige\u00bb<\/strong><\/h4>\n<p>La pel\u00edcula gira en torno a la vida de Matthew Meyerowitz (interpretado por Ben Stiller), quien, junto con su hermano Danny (Adam Sandler), debe lidiar con el peso de una infancia marcada por la relaci\u00f3n con su padre Harold (Dustin Hoffman), un hombre egoc\u00e9ntrico y narcisista. A lo largo de la trama, la relaci\u00f3n entre los hermanos y el padre se va desentra\u00f1ando, revelando heridas emocionales y resentimientos de a\u00f1os, y resaltando las dificultades de mantener la armon\u00eda en una familia disfuncional.<\/p>\n<p>Cada miembro de los Meyerowitz enfrenta su propia lucha interna, y la narrativa explora temas universales como las expectativas familiares, la competencia entre hermanos y la necesidad de encontrar un prop\u00f3sito en la vida adulta. Con un equilibrio entre momentos divertidos y di\u00e1logos intensos, la pel\u00edcula se convierte en un retrato honesto y cercano de los v\u00ednculos familiares.<\/p>\n<p><iframe loading=\"lazy\" title=\"Los Meyerowitz: La familia no se elige | Avance | Netflix\" src=\"https:\/\/www.youtube.com\/embed\/qTOLtChXOCM\" width=\"790\" height=\"444\" frameborder=\"0\" allowfullscreen=\"allowfullscreen\"><\/iframe><\/p>\n<h4><strong>Por qu\u00e9 ver \u00abLos Meyerowitz: la familia no se elige\u00bb en Netflix<\/strong><\/h4>\n<p>Aunque se promociona como una comedia, esta pel\u00edcula se sumerge en temas de gran profundidad emocional. Adam Sandler y Ben Stiller muestran un registro actoral sorprendente, y sus interpretaciones, alejadas de sus personajes m\u00e1s c\u00f3micos, brindan una mirada distinta a su talento dram\u00e1tico. La pel\u00edcula tambi\u00e9n cuenta con la actuaci\u00f3n de Dustin Hoffman y Emma Thompson, quienes aportan profundidad a esta historia compleja y llena de matices.<\/p>\n<p>\u00abLos Meyerowitz: la familia no se elige\u00bb no es solo una comedia; es una reflexi\u00f3n sobre la familia, la identidad y la superaci\u00f3n de los traumas. La pel\u00edcula invita al espectador a ver m\u00e1s all\u00e1 de los conflictos superficiales y a encontrar, en medio de las diferencias, la uni\u00f3n que define a una familia.<\/p>\n","protected":false},"excerpt":{"rendered":"<p>De qu\u00e9 trata la pel\u00edcula \u00abLos Meyerowitz: la familia no se elige\u00bb La pel\u00edcula gira en torno a la vida<\/p>\n","protected":false},"author":1,"featured_media":110662,"comment_status":"closed","ping_status":"closed","sticky":false,"template":"","format":"standard","meta":{"kia_subtitle":"Si est\u00e1s buscando una pel\u00edcula que ofrezca tanto risas como momentos de reflexi\u00f3n, \"Los Meyerowitz: la familia no se elige\" es una excelente elecci\u00f3n para el fin de semana. Esta producci\u00f3n, protagonizada por Adam Sandler y Ben Stiller, se encuentra disponible en Netflix y ofrece una exploraci\u00f3n \u00fanica de los v\u00ednculos familiares y los conflictos generacionales.","footnotes":"","jetpack_publicize_message":"","jetpack_publicize_feature_enabled":true,"jetpack_social_post_already_shared":true,"jetpack_social_options":{"image_generator_settings":{"template":"highway","default_image_id":0,"font":"","enabled":false},"version":2}},"categories":[68,2600],"tags":[],"class_list":["post-110661","post","type-post","status-publish","format-standard","has-post-thumbnail","hentry","category-cine-y-series","category-espectaculo"],"jetpack_publicize_connections":[],"jetpack_featured_media_url":"https:\/\/laurbedigital.com.ar\/noticias\/wp-content\/uploads\/2024\/11\/20241113-Los-Meyerowitz.jpg","_links":{"self":[{"href":"https:\/\/laurbedigital.com.ar\/noticias\/wp-json\/wp\/v2\/posts\/110661","targetHints":{"allow":["GET"]}}],"collection":[{"href":"https:\/\/laurbedigital.com.ar\/noticias\/wp-json\/wp\/v2\/posts"}],"about":[{"href":"https:\/\/laurbedigital.com.ar\/noticias\/wp-json\/wp\/v2\/types\/post"}],"author":[{"embeddable":true,"href":"https:\/\/laurbedigital.com.ar\/noticias\/wp-json\/wp\/v2\/users\/1"}],"replies":[{"embeddable":true,"href":"https:\/\/laurbedigital.com.ar\/noticias\/wp-json\/wp\/v2\/comments?post=110661"}],"version-history":[{"count":1,"href":"https:\/\/laurbedigital.com.ar\/noticias\/wp-json\/wp\/v2\/posts\/110661\/revisions"}],"predecessor-version":[{"id":110663,"href":"https:\/\/laurbedigital.com.ar\/noticias\/wp-json\/wp\/v2\/posts\/110661\/revisions\/110663"}],"wp:featuredmedia":[{"embeddable":true,"href":"https:\/\/laurbedigital.com.ar\/noticias\/wp-json\/wp\/v2\/media\/110662"}],"wp:attachment":[{"href":"https:\/\/laurbedigital.com.ar\/noticias\/wp-json\/wp\/v2\/media?parent=110661"}],"wp:term":[{"taxonomy":"category","embeddable":true,"href":"https:\/\/laurbedigital.com.ar\/noticias\/wp-json\/wp\/v2\/categories?post=110661"},{"taxonomy":"post_tag","embeddable":true,"href":"https:\/\/laurbedigital.com.ar\/noticias\/wp-json\/wp\/v2\/tags?post=110661"}],"curies":[{"name":"wp","href":"https:\/\/api.w.org\/{rel}","templated":true}]}}