{"id":110474,"date":"2024-11-07T14:04:26","date_gmt":"2024-11-07T17:04:26","guid":{"rendered":"https:\/\/laurbedigital.com.ar\/noticias\/?p=110474"},"modified":"2024-11-07T14:04:26","modified_gmt":"2024-11-07T17:04:26","slug":"dia-del-trabajador-municipal-asi-funcionaran-los-servicios-en-alte-brown","status":"publish","type":"post","link":"https:\/\/laurbedigital.com.ar\/noticias\/2024\/11\/07\/dia-del-trabajador-municipal-asi-funcionaran-los-servicios-en-alte-brown\/","title":{"rendered":"D\u00eda del Trabajador Municipal: as\u00ed funcionar\u00e1n los servicios en Alte Brown"},"content":{"rendered":"<div>En tanto, se indic\u00f3 que la recolecci\u00f3n de residuos se realizar\u00e1 de forma normal en todos los barrios y localidades de nuestro distrito.<\/div>\n<p>La Comuna browniana brind\u00f3 esta informaci\u00f3n ya que durante dicha jornada (lunes 11 de noviembre) los trabajadores y trabajadoras tendr\u00e1n asueto por conmemorarse este viernes 8 el \u201cD\u00eda del Trabajador Municipal\u201d.<\/p>\n<p>Los servicios municipales se prestar\u00e1n de una forma distinta a la habitual: no habr\u00e1 atenci\u00f3n al p\u00fablico, pero se establecer\u00e1n las guardias que correspondan para darle continuidad a la atenci\u00f3n en materia de seguridad y emergencias.<\/p>\n<h6><strong><em>En ese marco, el intendente Mariano Cascallares agradeci\u00f3 el compromiso de todos los trabajadores de Almirante Brown y sostuvo que \u201cel Municipio dispuso guardias para continuar brindando servicios a nuestros vecinos durante el asueto del pr\u00f3ximo lunes 11\u201d.<\/em><\/strong><\/h6>\n<p><img loading=\"lazy\" decoding=\"async\" class=\"alignnone size-full wp-image-110476\" src=\"https:\/\/laurbedigital.com.ar\/noticias\/wp-content\/uploads\/2024\/11\/20241107-Brown-Mnicipalidad-dia-del-trabajador-municipal-municipio-1.jpg\" alt=\"\" width=\"768\" height=\"428\" title=\"\" srcset=\"https:\/\/laurbedigital.com.ar\/noticias\/wp-content\/uploads\/2024\/11\/20241107-Brown-Mnicipalidad-dia-del-trabajador-municipal-municipio-1.jpg 768w, https:\/\/laurbedigital.com.ar\/noticias\/wp-content\/uploads\/2024\/11\/20241107-Brown-Mnicipalidad-dia-del-trabajador-municipal-municipio-1-300x167.jpg 300w\" sizes=\"auto, (max-width: 768px) 100vw, 768px\" \/><\/p>\n<p>Vale destacar que el D\u00eda del Trabajador Municipal se conmemora en reconocimiento a la vocaci\u00f3n de servicio que los empleados y las empleadas de la administraci\u00f3n p\u00fablica de todas las reparticiones municipales demuestran en sus tareas con el objetivo de asistir a la comunidad.<\/p>\n","protected":false},"excerpt":{"rendered":"<p>En tanto, se indic\u00f3 que la recolecci\u00f3n de residuos se realizar\u00e1 de forma normal en todos los barrios y localidades<\/p>\n","protected":false},"author":1,"featured_media":110475,"comment_status":"closed","ping_status":"closed","sticky":false,"template":"","format":"standard","meta":{"kia_subtitle":"El Municipio de Almirante Brown inform\u00f3 que el pr\u00f3ximo lunes 11 de noviembre se brindar\u00e1n los servicios con guardias del personal de emergencia de la Secretaria de Salud, de la Agencia de Seguridad Vial, de Direcci\u00f3n de Defensa Civil y de la Direcci\u00f3n General de Cementerio.\u00a0","footnotes":"","jetpack_publicize_message":"","jetpack_publicize_feature_enabled":true,"jetpack_social_post_already_shared":true,"jetpack_social_options":{"image_generator_settings":{"template":"highway","default_image_id":0,"font":"","enabled":false},"version":2}},"categories":[2,33],"tags":[],"class_list":["post-110474","post","type-post","status-publish","format-standard","has-post-thumbnail","hentry","category-alte-brown","category-alte-brown-alte-brown"],"jetpack_publicize_connections":[],"jetpack_featured_media_url":"https:\/\/laurbedigital.com.ar\/noticias\/wp-content\/uploads\/2024\/11\/20241107-Brown-Mnicipalidad-dia-del-trabajador-municipal-municipio.jpg","_links":{"self":[{"href":"https:\/\/laurbedigital.com.ar\/noticias\/wp-json\/wp\/v2\/posts\/110474","targetHints":{"allow":["GET"]}}],"collection":[{"href":"https:\/\/laurbedigital.com.ar\/noticias\/wp-json\/wp\/v2\/posts"}],"about":[{"href":"https:\/\/laurbedigital.com.ar\/noticias\/wp-json\/wp\/v2\/types\/post"}],"author":[{"embeddable":true,"href":"https:\/\/laurbedigital.com.ar\/noticias\/wp-json\/wp\/v2\/users\/1"}],"replies":[{"embeddable":true,"href":"https:\/\/laurbedigital.com.ar\/noticias\/wp-json\/wp\/v2\/comments?post=110474"}],"version-history":[{"count":2,"href":"https:\/\/laurbedigital.com.ar\/noticias\/wp-json\/wp\/v2\/posts\/110474\/revisions"}],"predecessor-version":[{"id":110478,"href":"https:\/\/laurbedigital.com.ar\/noticias\/wp-json\/wp\/v2\/posts\/110474\/revisions\/110478"}],"wp:featuredmedia":[{"embeddable":true,"href":"https:\/\/laurbedigital.com.ar\/noticias\/wp-json\/wp\/v2\/media\/110475"}],"wp:attachment":[{"href":"https:\/\/laurbedigital.com.ar\/noticias\/wp-json\/wp\/v2\/media?parent=110474"}],"wp:term":[{"taxonomy":"category","embeddable":true,"href":"https:\/\/laurbedigital.com.ar\/noticias\/wp-json\/wp\/v2\/categories?post=110474"},{"taxonomy":"post_tag","embeddable":true,"href":"https:\/\/laurbedigital.com.ar\/noticias\/wp-json\/wp\/v2\/tags?post=110474"}],"curies":[{"name":"wp","href":"https:\/\/api.w.org\/{rel}","templated":true}]}}