{"id":110315,"date":"2024-11-02T20:30:55","date_gmt":"2024-11-02T23:30:55","guid":{"rendered":"https:\/\/laurbedigital.com.ar\/noticias\/?p=110315"},"modified":"2024-11-02T20:30:55","modified_gmt":"2024-11-02T23:30:55","slug":"derrumbe-en-villa-gesell-detienen-al-arquitecto-responsable-de-las-obras-y-restringen-la-salida-del-pais-de-otros-implicados","status":"publish","type":"post","link":"https:\/\/laurbedigital.com.ar\/noticias\/2024\/11\/02\/derrumbe-en-villa-gesell-detienen-al-arquitecto-responsable-de-las-obras-y-restringen-la-salida-del-pais-de-otros-implicados\/","title":{"rendered":"Derrumbe en Villa Gesell: detienen al arquitecto responsable de las obras y restringen la salida del pa\u00eds de otros implicados"},"content":{"rendered":"<p>La reciente tragedia en Villa Gesell, donde el derrumbe de un hotel dej\u00f3 un saldo de tres muertos y cinco personas desaparecidas, ha desencadenado una serie de detenciones y medidas legales. Jorge Bonavita, el arquitecto a cargo de las obras en el edificio, fue arrestado por la Polic\u00eda Bonaerense en el marco de una investigaci\u00f3n que apunta a m\u00faltiples irregularidades. Rub\u00e9n Tachiquiri, contratista de las reformas en el hotel, tambi\u00e9n fue detenido. La fiscal Ver\u00f3nica Zamboni, encargada del caso, orden\u00f3 adem\u00e1s la prohibici\u00f3n de salida del pa\u00eds de ocho personas vinculadas a la empresa propietaria del inmueble, encabezada por Antonio Arcos Cort\u00e9s.<\/p>\n<p>El derrumbe del hotel en Villa Gesell ocurri\u00f3 el martes a primera hora y dej\u00f3 en evidencia serias irregularidades en las obras. Seg\u00fan informes preliminares de la municipalidad, el edificio ten\u00eda construcciones clandestinas en los pisos 7 y 8, as\u00ed como modificaciones en el ascensor, lo que podr\u00eda haber contribuido al colapso. La fiscal\u00eda ha se\u00f1alado a Jorge Bonavita como el autor de los planos de las obras y revel\u00f3 que los trabajos continuaron pese a una clausura impuesta en agosto pasado. Testigos afirmaron haber visto a una mujer supervisando las reformas, pero las pruebas indicaron que Bonavita era el verdadero responsable.<\/p>\n<p>La fiscal Zamboni orden\u00f3 la prohibici\u00f3n de salida del pa\u00eds para garantizar la presencia de los implicados en el proceso judicial. Entre los investigados se encuentran dos arquitectas y seis miembros del directorio de la empresa propietaria del edificio, quienes tambi\u00e9n deber\u00e1n rendir cuentas ante la justicia. El directorio est\u00e1 encabezado por Antonio Arcos Cort\u00e9s, quien ha sido se\u00f1alado por su posible implicaci\u00f3n en las decisiones que permitieron la continuidad de las obras pese a la clausura previa.<\/p>\n<h4><strong>Restricciones y proceso de repatriaci\u00f3n<\/strong><\/h4>\n<p>La gravedad del caso ha llevado a la fiscal Zamboni a implementar medidas cautelares estrictas, incluida la prohibici\u00f3n de salida del pa\u00eds de los principales involucrados. Las autoridades contin\u00faan investigando si existi\u00f3 negligencia o violaci\u00f3n de normas de construcci\u00f3n que puedan haber causado el colapso. Adem\u00e1s, se ha iniciado el proceso de repatriaci\u00f3n de una de las v\u00edctimas, quien era de nacionalidad extranjera, mientras los familiares de los desaparecidos siguen a la espera de noticias en medio de un operativo de rescate que se mantiene activo en el lugar del siniestro.<\/p>\n","protected":false},"excerpt":{"rendered":"<p>La reciente tragedia en Villa Gesell, donde el derrumbe de un hotel dej\u00f3 un saldo de tres muertos y cinco<\/p>\n","protected":false},"author":1,"featured_media":110316,"comment_status":"closed","ping_status":"closed","sticky":false,"template":"","format":"standard","meta":{"kia_subtitle":"Jorge Bonavita, arquitecto a cargo de las reformas en el hotel que colaps\u00f3 en Villa Gesell, fue detenido junto a Rub\u00e9n Tachiquiri, contratista de las obras. La tragedia ha dejado tres muertos y cinco personas a\u00fan est\u00e1n desaparecidas. La fiscal Ver\u00f3nica Zamboni ha prohibido la salida del pa\u00eds de ocho implicados, incluyendo miembros del directorio de la empresa due\u00f1a del edificio.","footnotes":"","jetpack_publicize_message":"","jetpack_publicize_feature_enabled":true,"jetpack_social_post_already_shared":true,"jetpack_social_options":{"image_generator_settings":{"template":"highway","default_image_id":0,"font":"","enabled":false},"version":2}},"categories":[8,3],"tags":[],"class_list":["post-110315","post","type-post","status-publish","format-standard","has-post-thumbnail","hentry","category-policiales","category-actualidad"],"jetpack_publicize_connections":[],"jetpack_featured_media_url":"https:\/\/laurbedigital.com.ar\/noticias\/wp-content\/uploads\/2024\/11\/20241103-dubrovniik-VillaGesell.jpg","_links":{"self":[{"href":"https:\/\/laurbedigital.com.ar\/noticias\/wp-json\/wp\/v2\/posts\/110315","targetHints":{"allow":["GET"]}}],"collection":[{"href":"https:\/\/laurbedigital.com.ar\/noticias\/wp-json\/wp\/v2\/posts"}],"about":[{"href":"https:\/\/laurbedigital.com.ar\/noticias\/wp-json\/wp\/v2\/types\/post"}],"author":[{"embeddable":true,"href":"https:\/\/laurbedigital.com.ar\/noticias\/wp-json\/wp\/v2\/users\/1"}],"replies":[{"embeddable":true,"href":"https:\/\/laurbedigital.com.ar\/noticias\/wp-json\/wp\/v2\/comments?post=110315"}],"version-history":[{"count":1,"href":"https:\/\/laurbedigital.com.ar\/noticias\/wp-json\/wp\/v2\/posts\/110315\/revisions"}],"predecessor-version":[{"id":110317,"href":"https:\/\/laurbedigital.com.ar\/noticias\/wp-json\/wp\/v2\/posts\/110315\/revisions\/110317"}],"wp:featuredmedia":[{"embeddable":true,"href":"https:\/\/laurbedigital.com.ar\/noticias\/wp-json\/wp\/v2\/media\/110316"}],"wp:attachment":[{"href":"https:\/\/laurbedigital.com.ar\/noticias\/wp-json\/wp\/v2\/media?parent=110315"}],"wp:term":[{"taxonomy":"category","embeddable":true,"href":"https:\/\/laurbedigital.com.ar\/noticias\/wp-json\/wp\/v2\/categories?post=110315"},{"taxonomy":"post_tag","embeddable":true,"href":"https:\/\/laurbedigital.com.ar\/noticias\/wp-json\/wp\/v2\/tags?post=110315"}],"curies":[{"name":"wp","href":"https:\/\/api.w.org\/{rel}","templated":true}]}}