{"id":110167,"date":"2024-10-30T01:03:52","date_gmt":"2024-10-30T04:03:52","guid":{"rendered":"https:\/\/laurbedigital.com.ar\/noticias\/?p=110167"},"modified":"2024-10-30T01:13:49","modified_gmt":"2024-10-30T04:13:49","slug":"tragedia-en-villa-gesell-derrumbe-del-hotel-dubrovnik-y-la-responsabilidad-en-las-obras-ilegales","status":"publish","type":"post","link":"https:\/\/laurbedigital.com.ar\/noticias\/2024\/10\/30\/tragedia-en-villa-gesell-derrumbe-del-hotel-dubrovnik-y-la-responsabilidad-en-las-obras-ilegales\/","title":{"rendered":"Tragedia en Villa Gesell: derrumbe del Hotel Dubrovnik y la responsabilidad en las obras ilegales"},"content":{"rendered":"<p>El derrumbe del Hotel Dubrovnik en Villa Gesell ha sacudido a la comunidad, dejando un saldo fatal y generando interrogantes sobre las reformas ilegales que se llevaban a cabo en el edificio. El tr\u00e1gico incidente, que ocurri\u00f3 el pasado lunes, result\u00f3 en la muerte de un hombre de m\u00e1s de 80 a\u00f1os que viv\u00eda en una casa lindera, y ha puesto en marcha una serie de investigaciones judiciales para determinar las causas y responsabilidades del hecho.<\/p>\n<h4><strong>Medidas judiciales y primeros detenidos<\/strong><\/h4>\n<p>En medio de los operativos de rescate y la inspecci\u00f3n del \u00e1rea afectada, la Fiscal\u00eda General de Villa Gesell, a cargo de Diego Escoda, orden\u00f3 la detenci\u00f3n de cuatro personas vinculadas a las reformas en el hotel. Entre los detenidos se encuentran el capataz de la obra y tres alba\u00f1iles, quienes, seg\u00fan los primeros informes, habr\u00edan estado realizando modificaciones estructurales en el edificio sin la autorizaci\u00f3n correspondiente.<\/p>\n<p>El ministro de Seguridad de la provincia de Buenos Aires, Javier Alonso, confirm\u00f3 las detenciones y a\u00f1adi\u00f3 que se est\u00e1n tomando declaraciones testimoniales para esclarecer la responsabilidad de estos trabajadores en el derrumbe. Adem\u00e1s, la fiscal Ver\u00f3nica Zamboni, encargada de la causa, ha solicitado la intervenci\u00f3n del Departamento T\u00e9cnico Investigativo de la Superintendencia de Bomberos de la Polic\u00eda Federal para realizar las pericias que permitan determinar las causas del colapso.<\/p>\n<h4>Car\u00e1tula inicial de la causa<\/h4>\n<p>La fiscal Zamboni ha caratulado la causa como \u00abestrago culposo agravado\u00bb, aunque advirti\u00f3 que esta calificaci\u00f3n es preliminar y podr\u00eda modificarse a medida que avance la investigaci\u00f3n. En declaraciones a la prensa, la fiscal se\u00f1al\u00f3: \u201cEstamos recabando pruebas y es prematuro hablar de una imputaci\u00f3n definitiva. Todo depender\u00e1 de los resultados de las pericias y de los testimonios obtenidos\u201d.<\/p>\n<p>Asimismo, las autoridades investigan la responsabilidad de dos arquitectos involucrados en las obras ilegales que se estaban realizando en el hotel. La investigaci\u00f3n est\u00e1 en curso y no se descartan nuevas detenciones o imputaciones en los pr\u00f3ximos d\u00edas.<\/p>\n<h4><strong>Obras irregulares y denuncias municipales<\/strong><\/h4>\n<p>El Municipio de Villa Gesell hab\u00eda detectado irregularidades en las reformas del Hotel Dubrovnik meses antes del tr\u00e1gico incidente. Seg\u00fan un comunicado oficial, el 20 de agosto de 2024, la Direcci\u00f3n de Edificios Privados y Espacios P\u00fablicos paraliz\u00f3 los trabajos que se estaban realizando sin la debida autorizaci\u00f3n. En ese momento, los propietarios del hotel solicitaron autorizaci\u00f3n para realizar tareas menores como el cambio de carpinter\u00edas y revestimientos, trabajos que fueron aprobados con restricciones espec\u00edficas.<\/p>\n<p>Sin embargo, los propietarios tambi\u00e9n presentaron un informe t\u00e9cnico para la instalaci\u00f3n de un ascensor, proyecto que no fue autorizado debido a la falta de la documentaci\u00f3n requerida. A pesar de estas advertencias, las autoridades locales sospechan que se realizaron modificaciones estructurales en la parte trasera del edificio, donde ocurri\u00f3 el derrumbe.<\/p>\n<h4><strong>Investigaci\u00f3n en curso y futuras acciones legales<\/strong><\/h4>\n<p>A medida que avanza la investigaci\u00f3n, la Fiscal\u00eda se centra en determinar si las obras clandestinas en el hotel fueron la causa directa del colapso. Las pericias t\u00e9cnicas ser\u00e1n clave para esclarecer los hechos y definir si los detenidos y otros implicados enfrentan cargos penales m\u00e1s graves. La fiscal Zamboni ha asegurado que no se descarta un cambio en la car\u00e1tula de la causa, dependiendo de los resultados de la investigaci\u00f3n.<\/p>\n<p>Este tr\u00e1gico episodio subraya la importancia de respetar las normativas de seguridad en las construcciones y pone de relieve la responsabilidad tanto de los propietarios como de los profesionales que supervisan las obras. La comunidad de Villa Gesell sigue consternada por el incidente, mientras las autoridades trabajan para garantizar que se haga justicia.<\/p>\n","protected":false},"excerpt":{"rendered":"<p>El derrumbe del Hotel Dubrovnik en Villa Gesell ha sacudido a la comunidad, dejando un saldo fatal y generando interrogantes<\/p>\n","protected":false},"author":1,"featured_media":110155,"comment_status":"closed","ping_status":"closed","sticky":false,"template":"","format":"standard","meta":{"kia_subtitle":"El derrumbe del Hotel Dubrovnik en Villa Gesell deja un saldo tr\u00e1gico y pone en la mira a los responsables de la obra clandestina que se realizaba en el lugar. Cuatro personas fueron detenidas, mientras se avanza en la investigaci\u00f3n.","footnotes":"","jetpack_publicize_message":"","jetpack_publicize_feature_enabled":true,"jetpack_social_post_already_shared":true,"jetpack_social_options":{"image_generator_settings":{"template":"highway","default_image_id":0,"font":"","enabled":false},"version":2}},"categories":[8,3],"tags":[],"class_list":["post-110167","post","type-post","status-publish","format-standard","has-post-thumbnail","hentry","category-policiales","category-actualidad"],"jetpack_publicize_connections":[],"jetpack_featured_media_url":"https:\/\/laurbedigital.com.ar\/noticias\/wp-content\/uploads\/2024\/10\/20241030-Dubrovnik-Gesell.jpg","_links":{"self":[{"href":"https:\/\/laurbedigital.com.ar\/noticias\/wp-json\/wp\/v2\/posts\/110167","targetHints":{"allow":["GET"]}}],"collection":[{"href":"https:\/\/laurbedigital.com.ar\/noticias\/wp-json\/wp\/v2\/posts"}],"about":[{"href":"https:\/\/laurbedigital.com.ar\/noticias\/wp-json\/wp\/v2\/types\/post"}],"author":[{"embeddable":true,"href":"https:\/\/laurbedigital.com.ar\/noticias\/wp-json\/wp\/v2\/users\/1"}],"replies":[{"embeddable":true,"href":"https:\/\/laurbedigital.com.ar\/noticias\/wp-json\/wp\/v2\/comments?post=110167"}],"version-history":[{"count":2,"href":"https:\/\/laurbedigital.com.ar\/noticias\/wp-json\/wp\/v2\/posts\/110167\/revisions"}],"predecessor-version":[{"id":110169,"href":"https:\/\/laurbedigital.com.ar\/noticias\/wp-json\/wp\/v2\/posts\/110167\/revisions\/110169"}],"wp:featuredmedia":[{"embeddable":true,"href":"https:\/\/laurbedigital.com.ar\/noticias\/wp-json\/wp\/v2\/media\/110155"}],"wp:attachment":[{"href":"https:\/\/laurbedigital.com.ar\/noticias\/wp-json\/wp\/v2\/media?parent=110167"}],"wp:term":[{"taxonomy":"category","embeddable":true,"href":"https:\/\/laurbedigital.com.ar\/noticias\/wp-json\/wp\/v2\/categories?post=110167"},{"taxonomy":"post_tag","embeddable":true,"href":"https:\/\/laurbedigital.com.ar\/noticias\/wp-json\/wp\/v2\/tags?post=110167"}],"curies":[{"name":"wp","href":"https:\/\/api.w.org\/{rel}","templated":true}]}}