{"id":110118,"date":"2024-10-28T20:59:41","date_gmt":"2024-10-28T23:59:41","guid":{"rendered":"https:\/\/laurbedigital.com.ar\/noticias\/?p=110118"},"modified":"2024-10-28T20:59:41","modified_gmt":"2024-10-28T23:59:41","slug":"crisis-de-imagen-el-58-de-los-argentinos-desaprueba-la-gestion-de-milei","status":"publish","type":"post","link":"https:\/\/laurbedigital.com.ar\/noticias\/2024\/10\/28\/crisis-de-imagen-el-58-de-los-argentinos-desaprueba-la-gestion-de-milei\/","title":{"rendered":"Crisis de imagen: el 58% de los argentinos desaprueba la gesti\u00f3n de Milei"},"content":{"rendered":"<p>Javier Milei, a 322 d\u00edas de su presidencia, atraviesa una fuerte ca\u00edda en su imagen p\u00fablica. Seg\u00fan un reciente informe de la consultora Zuban C\u00f3rdoba, la percepci\u00f3n negativa sobre su gesti\u00f3n ha alcanzado el 58,6%, mientras que la positiva se sit\u00faa en apenas un 40,3%. Aunque su gobierno logr\u00f3 avances en la baja de la inflaci\u00f3n y cierta estabilidad en los mercados cambiarios, sus decisiones respecto a la educaci\u00f3n p\u00fablica parecen haber socavado su apoyo en amplios sectores de la sociedad.<\/p>\n<p>El estudio de Zuban C\u00f3rdoba, llevado a cabo a nivel nacional en octubre, muestra una notable erosi\u00f3n en la aprobaci\u00f3n de Milei, que desde abril hasta la fecha ha incrementado su imagen negativa del 52,5% al 58,6%. En el mismo per\u00edodo, la percepci\u00f3n positiva ha descendido del 47,2% al 40,3%. Las universidades p\u00fablicas, una de las instituciones m\u00e1s respetadas en Argentina, han sido el centro de la pol\u00e9mica, pues Milei se ha posicionado en contra de su financiamiento, argumentando que benefician principalmente a sectores altos y medios, generando con ello una marcada reacci\u00f3n social.<\/p>\n<p>Seg\u00fan el sondeo, un 91% de los encuestados se opone a la idea de que las universidades p\u00fablicas representan un \u201cgasto innecesario\u201d, mientras que el 86,4% las considera un motivo de orgullo nacional. Adem\u00e1s, el 80,7% est\u00e1 de acuerdo en que estas instituciones son clave para la movilidad social, y el 76,2% discrepa con la afirmaci\u00f3n de que los sectores desfavorecidos no acceden a la universidad. Los analistas destacan que este es un tema sensible, con un 99% de la poblaci\u00f3n coincidiendo en que la educaci\u00f3n es esencial para el crecimiento del pa\u00eds.<\/p>\n<p>A pesar de la presi\u00f3n p\u00fablica, el gobierno de Milei mantiene su postura y ha recurrido a marcos discursivos como \u201cla universidad gratuita subsidia a los ricos\u201d, lo que ha profundizado la crisis. Desde el entorno presidencial, algunos han insinuado que podr\u00edan suavizar el tono, pero hasta ahora la posici\u00f3n oficial sigue firme.<\/p>\n","protected":false},"excerpt":{"rendered":"<p>Javier Milei, a 322 d\u00edas de su presidencia, atraviesa una fuerte ca\u00edda en su imagen p\u00fablica. Seg\u00fan un reciente informe<\/p>\n","protected":false},"author":1,"featured_media":110114,"comment_status":"closed","ping_status":"closed","sticky":false,"template":"","format":"standard","meta":{"kia_subtitle":"El presidente enfrenta una crisis de imagen tras confrontar a las universidades p\u00fablicas, una de las instituciones con mayor credibilidad en Argentina, en medio de su primer a\u00f1o de mandato.","footnotes":"","jetpack_publicize_message":"","jetpack_publicize_feature_enabled":true,"jetpack_social_post_already_shared":true,"jetpack_social_options":{"image_generator_settings":{"template":"highway","default_image_id":0,"font":"","enabled":false},"version":2}},"categories":[3,41],"tags":[],"class_list":["post-110118","post","type-post","status-publish","format-standard","has-post-thumbnail","hentry","category-actualidad","category-nacionales"],"jetpack_publicize_connections":[],"jetpack_featured_media_url":"https:\/\/laurbedigital.com.ar\/noticias\/wp-content\/uploads\/2024\/10\/202410229-Milei.jpg","_links":{"self":[{"href":"https:\/\/laurbedigital.com.ar\/noticias\/wp-json\/wp\/v2\/posts\/110118","targetHints":{"allow":["GET"]}}],"collection":[{"href":"https:\/\/laurbedigital.com.ar\/noticias\/wp-json\/wp\/v2\/posts"}],"about":[{"href":"https:\/\/laurbedigital.com.ar\/noticias\/wp-json\/wp\/v2\/types\/post"}],"author":[{"embeddable":true,"href":"https:\/\/laurbedigital.com.ar\/noticias\/wp-json\/wp\/v2\/users\/1"}],"replies":[{"embeddable":true,"href":"https:\/\/laurbedigital.com.ar\/noticias\/wp-json\/wp\/v2\/comments?post=110118"}],"version-history":[{"count":2,"href":"https:\/\/laurbedigital.com.ar\/noticias\/wp-json\/wp\/v2\/posts\/110118\/revisions"}],"predecessor-version":[{"id":110120,"href":"https:\/\/laurbedigital.com.ar\/noticias\/wp-json\/wp\/v2\/posts\/110118\/revisions\/110120"}],"wp:featuredmedia":[{"embeddable":true,"href":"https:\/\/laurbedigital.com.ar\/noticias\/wp-json\/wp\/v2\/media\/110114"}],"wp:attachment":[{"href":"https:\/\/laurbedigital.com.ar\/noticias\/wp-json\/wp\/v2\/media?parent=110118"}],"wp:term":[{"taxonomy":"category","embeddable":true,"href":"https:\/\/laurbedigital.com.ar\/noticias\/wp-json\/wp\/v2\/categories?post=110118"},{"taxonomy":"post_tag","embeddable":true,"href":"https:\/\/laurbedigital.com.ar\/noticias\/wp-json\/wp\/v2\/tags?post=110118"}],"curies":[{"name":"wp","href":"https:\/\/api.w.org\/{rel}","templated":true}]}}