{"id":110070,"date":"2024-10-28T00:08:57","date_gmt":"2024-10-28T03:08:57","guid":{"rendered":"https:\/\/laurbedigital.com.ar\/noticias\/?p=110070"},"modified":"2024-10-27T20:02:50","modified_gmt":"2024-10-27T23:02:50","slug":"dia-mundial-de-la-animacion-por-que-se-celebra-el-28-de-octubre","status":"publish","type":"post","link":"https:\/\/laurbedigital.com.ar\/noticias\/2024\/10\/28\/dia-mundial-de-la-animacion-por-que-se-celebra-el-28-de-octubre\/","title":{"rendered":"D\u00eda mundial de la animaci\u00f3n: \u00bfPor qu\u00e9 se celebra el 28 de octubre?"},"content":{"rendered":"<p>La animaci\u00f3n ha sido parte fundamental del desarrollo de la industria cinematogr\u00e1fica y televisiva, capturando la imaginaci\u00f3n de millones de personas en todo el mundo. Sin embargo, pocos conocen la raz\u00f3n por la cual se celebra el 28 de octubre como el D\u00eda Mundial de la Animaci\u00f3n. Esta fecha, seleccionada por la Asociaci\u00f3n Internacional de Films de Animaci\u00f3n (ASIFA) en el a\u00f1o 2002, conmemora la primera proyecci\u00f3n p\u00fablica de un filme animado en Par\u00eds, realizada en 1892 por el pionero \u00c9mile Reynaud.<\/p>\n<p>La historia de la animaci\u00f3n se remonta a fines del siglo XIX, cuando \u00c9mile Reynaud, un inventor y artista franc\u00e9s, present\u00f3 su \u00abTh\u00e9\u00e2tre Optique\u00bb, una tecnolog\u00eda revolucionaria para la \u00e9poca que permiti\u00f3 proyectar im\u00e1genes animadas en movimiento. El 28 de octubre de 1892, Reynaud mostr\u00f3 su trabajo en el Museo Grevin de Par\u00eds, donde el p\u00fablico pudo disfrutar de las primeras im\u00e1genes animadas, creadas a partir de su t\u00e9cnica pionera. Aquel d\u00eda marc\u00f3 el inicio de un arte que se ir\u00eda desarrollando con el tiempo, integrando avances tecnol\u00f3gicos, creativos y art\u00edsticos.<\/p>\n<p>La animaci\u00f3n ha recorrido un largo camino desde aquella primera proyecci\u00f3n. A lo largo del siglo XX, diferentes estilos y t\u00e9cnicas se han desarrollado, desde la animaci\u00f3n tradicional dibujada a mano, hasta la animaci\u00f3n por computadora, que ha revolucionado el cine contempor\u00e1neo. Grandes estudios como Disney, Pixar y Studio Ghibli han sido responsables de llevar la animaci\u00f3n a audiencias masivas, con pel\u00edculas que han dejado huella en la cultura popular global.<\/p>\n<p>Este arte no solo ha sido crucial en la industria del entretenimiento, sino que tambi\u00e9n ha sido una herramienta educativa, pol\u00edtica y social. En muchos casos, ha sido utilizada para difundir mensajes sociales, campa\u00f1as de concienciaci\u00f3n y narrativas que, de otra manera, ser\u00edan dif\u00edciles de transmitir a trav\u00e9s de medios convencionales. La animaci\u00f3n ha demostrado ser un medio flexible y poderoso que puede contar historias profundas y significativas a trav\u00e9s de im\u00e1genes.<\/p>\n<p>En los \u00faltimos a\u00f1os, la animaci\u00f3n ha traspasado los l\u00edmites del cine y la televisi\u00f3n, llegando a formatos interactivos como los videojuegos, la realidad virtual y los contenidos en redes sociales. La evoluci\u00f3n tecnol\u00f3gica ha permitido que cualquier persona con un ordenador o incluso un tel\u00e9fono m\u00f3vil pueda crear y compartir animaciones, democratizando as\u00ed el acceso a este arte.<\/p>\n","protected":false},"excerpt":{"rendered":"<p>La animaci\u00f3n ha sido parte fundamental del desarrollo de la industria cinematogr\u00e1fica y televisiva, capturando la imaginaci\u00f3n de millones de<\/p>\n","protected":false},"author":1,"featured_media":110072,"comment_status":"closed","ping_status":"closed","sticky":false,"template":"","format":"standard","meta":{"kia_subtitle":"El 28 de octubre es una fecha especial para el mundo del arte y la tecnolog\u00eda: se conmemora el D\u00eda Mundial de la Animaci\u00f3n. Este d\u00eda rinde homenaje a una de las formas m\u00e1s creativas de expresi\u00f3n audiovisual, una que ha evolucionado desde los primeros experimentos visuales hasta convertirse en una industria multimillonaria y un veh\u00edculo de entretenimiento y cultura para todas las edades.","footnotes":"","jetpack_publicize_message":"","jetpack_publicize_feature_enabled":true,"jetpack_social_post_already_shared":true,"jetpack_social_options":{"image_generator_settings":{"template":"highway","default_image_id":0,"font":"","enabled":false},"version":2}},"categories":[5,2594],"tags":[],"class_list":["post-110070","post","type-post","status-publish","format-standard","has-post-thumbnail","hentry","category-cultura","category-efemerides"],"jetpack_publicize_connections":[],"jetpack_featured_media_url":"https:\/\/laurbedigital.com.ar\/noticias\/wp-content\/uploads\/2024\/10\/202410227-Dia-mundial-de-la-animacion.jpg","_links":{"self":[{"href":"https:\/\/laurbedigital.com.ar\/noticias\/wp-json\/wp\/v2\/posts\/110070","targetHints":{"allow":["GET"]}}],"collection":[{"href":"https:\/\/laurbedigital.com.ar\/noticias\/wp-json\/wp\/v2\/posts"}],"about":[{"href":"https:\/\/laurbedigital.com.ar\/noticias\/wp-json\/wp\/v2\/types\/post"}],"author":[{"embeddable":true,"href":"https:\/\/laurbedigital.com.ar\/noticias\/wp-json\/wp\/v2\/users\/1"}],"replies":[{"embeddable":true,"href":"https:\/\/laurbedigital.com.ar\/noticias\/wp-json\/wp\/v2\/comments?post=110070"}],"version-history":[{"count":1,"href":"https:\/\/laurbedigital.com.ar\/noticias\/wp-json\/wp\/v2\/posts\/110070\/revisions"}],"predecessor-version":[{"id":110071,"href":"https:\/\/laurbedigital.com.ar\/noticias\/wp-json\/wp\/v2\/posts\/110070\/revisions\/110071"}],"wp:featuredmedia":[{"embeddable":true,"href":"https:\/\/laurbedigital.com.ar\/noticias\/wp-json\/wp\/v2\/media\/110072"}],"wp:attachment":[{"href":"https:\/\/laurbedigital.com.ar\/noticias\/wp-json\/wp\/v2\/media?parent=110070"}],"wp:term":[{"taxonomy":"category","embeddable":true,"href":"https:\/\/laurbedigital.com.ar\/noticias\/wp-json\/wp\/v2\/categories?post=110070"},{"taxonomy":"post_tag","embeddable":true,"href":"https:\/\/laurbedigital.com.ar\/noticias\/wp-json\/wp\/v2\/tags?post=110070"}],"curies":[{"name":"wp","href":"https:\/\/api.w.org\/{rel}","templated":true}]}}