{"id":109926,"date":"2024-10-23T04:02:58","date_gmt":"2024-10-23T07:02:58","guid":{"rendered":"https:\/\/laurbedigital.com.ar\/noticias\/?p=109926"},"modified":"2024-10-23T04:02:58","modified_gmt":"2024-10-23T07:02:58","slug":"el-gobierno-oculta-46-mil-millones-de-deuda-la-polemica-detras-de-los-bopreales","status":"publish","type":"post","link":"https:\/\/laurbedigital.com.ar\/noticias\/2024\/10\/23\/el-gobierno-oculta-46-mil-millones-de-deuda-la-polemica-detras-de-los-bopreales\/","title":{"rendered":"El Gobierno oculta $46 mil millones de deuda: la pol\u00e9mica detr\u00e1s de los Bopreales"},"content":{"rendered":"<p>El Ministerio de Econom\u00eda present\u00f3 una reducci\u00f3n en la deuda p\u00fablica de $46.618 millones de d\u00f3lares, una cifra que gener\u00f3 controversia entre economistas. La gr\u00e1fica presentada por el Ministerio, y defendida en redes sociales por el secretario de Finanzas Pablo Quirno, omiti\u00f3 los compromisos asumidos con los bonos Bopreales, lo que provoc\u00f3 un fuerte debate. Seg\u00fan el analista financiero Christian Buteler, esta omisi\u00f3n es clave para entender la situaci\u00f3n real de la deuda consolidada entre el Tesoro y el Banco Central.<\/p>\n<p><strong>Una deuda discutida<\/strong> El Ministerio de Econom\u00eda celebr\u00f3 la supuesta reducci\u00f3n de deuda, asegurando que esta baja fue el resultado de un esfuerzo por sanear las cuentas p\u00fablicas. Sin embargo, la exclusi\u00f3n de los Bopreales \u2014bonos emitidos por el Banco Central para controlar el exceso de pesos en la econom\u00eda\u2014 pone en duda la veracidad de la cifra.<\/p>\n<p>En respuesta, Buteler critic\u00f3 la metodolog\u00eda usada por el Gobierno, explicando que los pasivos remunerados como los Bopreales deben incluirse para tener una visi\u00f3n completa de la deuda. \u201cNo podemos simplemente hacer desaparecer una parte de la deuda\u201d, se\u00f1al\u00f3, a\u00f1adiendo que lo presentado por el Ministerio es un c\u00e1lculo malicioso.<\/p>\n<p><strong>Un truco financiero que no cambia la realidad<\/strong> El an\u00e1lisis de Buteler desglosa c\u00f3mo el Gobierno estar\u00eda restando los pasivos remunerados y los dep\u00f3sitos del Tesoro para reducir artificialmente la deuda consolidada. Seg\u00fan su ejemplo, la deuda total sigue siendo la misma, pero el Gobierno la presenta como si hubiera una reducci\u00f3n, lo que genera una percepci\u00f3n distorsionada de la realidad.<\/p>\n<p><strong>La deuda p\u00fablica sigue en aumento<\/strong> A pesar de las afirmaciones oficiales, la deuda p\u00fablica sigue creciendo. Seg\u00fan la Oficina de Presupuesto del Congreso, el stock de deuda pagadera en pesos aument\u00f3 en septiembre un 2,7% respecto a agosto, mientras que la deuda en moneda extranjera se increment\u00f3 en 185 millones de d\u00f3lares. La falta de transparencia en las cuentas p\u00fablicas pone en tela de juicio la gesti\u00f3n financiera del Gobierno.<\/p>\n<p>El debate sobre los Bopreales refleja la complejidad de las finanzas p\u00fablicas en Argentina, y c\u00f3mo las presentaciones oficiales pueden ocultar la realidad de un pa\u00eds en constante endeudamiento.<\/p>\n","protected":false},"excerpt":{"rendered":"<p>El Ministerio de Econom\u00eda present\u00f3 una reducci\u00f3n en la deuda p\u00fablica de $46.618 millones de d\u00f3lares, una cifra que gener\u00f3<\/p>\n","protected":false},"author":1,"featured_media":104667,"comment_status":"closed","ping_status":"closed","sticky":false,"template":"","format":"standard","meta":{"kia_subtitle":"Una gr\u00e1fica del Ministerio de Econom\u00eda desata cr\u00edticas sobre la transparencia en las cuentas p\u00fablicas.","footnotes":"","jetpack_publicize_message":"","jetpack_publicize_feature_enabled":true,"jetpack_social_post_already_shared":true,"jetpack_social_options":{"image_generator_settings":{"template":"highway","default_image_id":0,"font":"","enabled":false},"version":2}},"categories":[3,41],"tags":[],"class_list":["post-109926","post","type-post","status-publish","format-standard","has-post-thumbnail","hentry","category-actualidad","category-nacionales"],"jetpack_publicize_connections":[],"jetpack_featured_media_url":"https:\/\/laurbedigital.com.ar\/noticias\/wp-content\/uploads\/2024\/05\/20240506-Caputo.jpg","_links":{"self":[{"href":"https:\/\/laurbedigital.com.ar\/noticias\/wp-json\/wp\/v2\/posts\/109926","targetHints":{"allow":["GET"]}}],"collection":[{"href":"https:\/\/laurbedigital.com.ar\/noticias\/wp-json\/wp\/v2\/posts"}],"about":[{"href":"https:\/\/laurbedigital.com.ar\/noticias\/wp-json\/wp\/v2\/types\/post"}],"author":[{"embeddable":true,"href":"https:\/\/laurbedigital.com.ar\/noticias\/wp-json\/wp\/v2\/users\/1"}],"replies":[{"embeddable":true,"href":"https:\/\/laurbedigital.com.ar\/noticias\/wp-json\/wp\/v2\/comments?post=109926"}],"version-history":[{"count":1,"href":"https:\/\/laurbedigital.com.ar\/noticias\/wp-json\/wp\/v2\/posts\/109926\/revisions"}],"predecessor-version":[{"id":109927,"href":"https:\/\/laurbedigital.com.ar\/noticias\/wp-json\/wp\/v2\/posts\/109926\/revisions\/109927"}],"wp:featuredmedia":[{"embeddable":true,"href":"https:\/\/laurbedigital.com.ar\/noticias\/wp-json\/wp\/v2\/media\/104667"}],"wp:attachment":[{"href":"https:\/\/laurbedigital.com.ar\/noticias\/wp-json\/wp\/v2\/media?parent=109926"}],"wp:term":[{"taxonomy":"category","embeddable":true,"href":"https:\/\/laurbedigital.com.ar\/noticias\/wp-json\/wp\/v2\/categories?post=109926"},{"taxonomy":"post_tag","embeddable":true,"href":"https:\/\/laurbedigital.com.ar\/noticias\/wp-json\/wp\/v2\/tags?post=109926"}],"curies":[{"name":"wp","href":"https:\/\/api.w.org\/{rel}","templated":true}]}}