{"id":109688,"date":"2024-10-14T20:13:41","date_gmt":"2024-10-14T23:13:41","guid":{"rendered":"https:\/\/laurbedigital.com.ar\/noticias\/?p=109688"},"modified":"2024-10-14T20:14:06","modified_gmt":"2024-10-14T23:14:06","slug":"la-universidad-publica-un-pilar-de-movilidad-social-para-el-80-de-los-argentinos","status":"publish","type":"post","link":"https:\/\/laurbedigital.com.ar\/noticias\/2024\/10\/14\/la-universidad-publica-un-pilar-de-movilidad-social-para-el-80-de-los-argentinos\/","title":{"rendered":"La universidad p\u00fablica, un pilar de movilidad social para el 80% de los argentinos"},"content":{"rendered":"<p>En un contexto donde la desconfianza hacia las instituciones p\u00fablicas parece ser una constante, la universidad p\u00fablica emerge como una excepci\u00f3n. Un reciente estudio de Zuban C\u00f3rdoba &amp; Asociados muestra que el 80,7% de los argentinos cree que la educaci\u00f3n superior gratuita contribuye de manera significativa a la movilidad social, desafiando las cr\u00edticas y discursos que minimizan su valor.<\/p>\n<p>El informe, que se realiz\u00f3 en varias regiones del pa\u00eds, destaca un dato revelador: a pesar de las diferencias geogr\u00e1ficas y pol\u00edticas, la confianza en la universidad p\u00fablica se mantiene alta. En \u00e1reas como la Ciudad Aut\u00f3noma de Buenos Aires (CABA), el centro del pa\u00eds y la provincia de Buenos Aires, los niveles de confianza superan el 80%, mientras que en el Noreste Argentino (NEA) y Cuyo, las cifras son m\u00e1s moderadas. , rondando el 70%.<\/p>\n<p>El estudio tambi\u00e9n revela que el 76% de los encuestados rechaza la afirmaci\u00f3n de que \u00ablos pobres no llegan a la universidad p\u00fablica\u00bb, y, sorprendentemente, casi el 60% de los votantes de Javier Milei \u2014candidato cr\u00edtico de las instituciones p\u00fablicas\u2014 en la segunda vuelta tambi\u00e9n coincide en este punto. Este hallazgo pone en duda algunos de los argumentos utilizados por ciertos sectores que promueven una mayor privatizaci\u00f3n de la educaci\u00f3n.<\/p>\n<p>Adem\u00e1s, uno de los aspectos m\u00e1s llamativos del estudio es que cerca del 65% de quienes votan por Milei en el ballotage reconocen que la universidad p\u00fablica es un factor clave en la movilidad social, una postura que contrasta con el discurso antiestatal del l\u00edder libertario.<\/p>\n","protected":false},"excerpt":{"rendered":"<p>En un contexto donde la desconfianza hacia las instituciones p\u00fablicas parece ser una constante, la universidad p\u00fablica emerge como una<\/p>\n","protected":false},"author":1,"featured_media":109671,"comment_status":"closed","ping_status":"closed","sticky":false,"template":"","format":"standard","meta":{"kia_subtitle":"Un sondeo revela que la universidad p\u00fablica sigue siendo un motor de movilidad social en Argentina, con altos niveles de confianza en varias regiones del pa\u00eds, incluso entre votantes de sectores pol\u00edticos cr\u00edticos.","footnotes":"","jetpack_publicize_message":"","jetpack_publicize_feature_enabled":true,"jetpack_social_post_already_shared":true,"jetpack_social_options":{"image_generator_settings":{"template":"highway","default_image_id":0,"font":"","enabled":false},"version":2}},"categories":[3,41],"tags":[],"class_list":["post-109688","post","type-post","status-publish","format-standard","has-post-thumbnail","hentry","category-actualidad","category-nacionales"],"jetpack_publicize_connections":[],"jetpack_featured_media_url":"https:\/\/laurbedigital.com.ar\/noticias\/wp-content\/uploads\/2024\/10\/20241015-Universidades.jpg","_links":{"self":[{"href":"https:\/\/laurbedigital.com.ar\/noticias\/wp-json\/wp\/v2\/posts\/109688","targetHints":{"allow":["GET"]}}],"collection":[{"href":"https:\/\/laurbedigital.com.ar\/noticias\/wp-json\/wp\/v2\/posts"}],"about":[{"href":"https:\/\/laurbedigital.com.ar\/noticias\/wp-json\/wp\/v2\/types\/post"}],"author":[{"embeddable":true,"href":"https:\/\/laurbedigital.com.ar\/noticias\/wp-json\/wp\/v2\/users\/1"}],"replies":[{"embeddable":true,"href":"https:\/\/laurbedigital.com.ar\/noticias\/wp-json\/wp\/v2\/comments?post=109688"}],"version-history":[{"count":3,"href":"https:\/\/laurbedigital.com.ar\/noticias\/wp-json\/wp\/v2\/posts\/109688\/revisions"}],"predecessor-version":[{"id":109691,"href":"https:\/\/laurbedigital.com.ar\/noticias\/wp-json\/wp\/v2\/posts\/109688\/revisions\/109691"}],"wp:featuredmedia":[{"embeddable":true,"href":"https:\/\/laurbedigital.com.ar\/noticias\/wp-json\/wp\/v2\/media\/109671"}],"wp:attachment":[{"href":"https:\/\/laurbedigital.com.ar\/noticias\/wp-json\/wp\/v2\/media?parent=109688"}],"wp:term":[{"taxonomy":"category","embeddable":true,"href":"https:\/\/laurbedigital.com.ar\/noticias\/wp-json\/wp\/v2\/categories?post=109688"},{"taxonomy":"post_tag","embeddable":true,"href":"https:\/\/laurbedigital.com.ar\/noticias\/wp-json\/wp\/v2\/tags?post=109688"}],"curies":[{"name":"wp","href":"https:\/\/api.w.org\/{rel}","templated":true}]}}