{"id":109541,"date":"2024-10-09T21:56:21","date_gmt":"2024-10-10T00:56:21","guid":{"rendered":"https:\/\/laurbedigital.com.ar\/noticias\/?p=109541"},"modified":"2024-10-09T21:56:21","modified_gmt":"2024-10-10T00:56:21","slug":"caida-del-consumo-y-crisis-en-la-industria-textil-10-000-despidos-y-cierres-masivos","status":"publish","type":"post","link":"https:\/\/laurbedigital.com.ar\/noticias\/2024\/10\/09\/caida-del-consumo-y-crisis-en-la-industria-textil-10-000-despidos-y-cierres-masivos\/","title":{"rendered":"Ca\u00edda del consumo y crisis en la industria textil: 10.000 despidos y cierres masivos"},"content":{"rendered":"<p>La industria textil argentina est\u00e1 en un punto cr\u00edtico. Seg\u00fan el \u00faltimo informe de la fundaci\u00f3n Pro Tejer, en lo que va del a\u00f1o, 10.000 trabajadores han sido despedidos, y muchas f\u00e1bricas han cerrado sus puertas. Esta situaci\u00f3n es el resultado de una pronunciada ca\u00edda en el consumo interno y otros factores econ\u00f3micos que afectan directamente a las peque\u00f1as y medianas empresas del sector.<\/p>\n<p>La ca\u00edda del consumo, impulsada por el aumento del costo de vida, ha golpeado con fuerza a la industria textil. Factores como la inflaci\u00f3n, los aumentos en las tarifas de servicios y la retracci\u00f3n del poder adquisitivo de la poblaci\u00f3n han reducido dr\u00e1sticamente la demanda de productos textiles, lo que, a su vez, ha llevado a una disminuci\u00f3n en la producci\u00f3n y, por ende, a un aumento en los costos unitarios de cada prenda fabricada.<\/p>\n<p>Luciano Galifone, presidente de la fundaci\u00f3n Pro Tejer, explica: \u201cLa ropa es uno de los primeros bienes que las personas dejan de comprar cuando no tienen dinero. Alimentos, por ejemplo, son imprescindibles, pero la ropa es algo que la gente puede dejar de renovar por un tiempo\u201d. Esta tendencia ha llevado a que las f\u00e1bricas deban reducir su producci\u00f3n o cerrar, agravando la crisis laboral en el sector.<\/p>\n<p>Uno de los factores m\u00e1s discutidos dentro de esta crisis es la competencia con los productos importados. La fundaci\u00f3n Pro Tejer ha advertido sobre la falsa creencia de que la apertura de las importaciones reduce los precios. En realidad, aseguran que esta medida ha sido uno de los principales detonantes de la crisis, ya que la baja en la demanda local y la competencia desleal con productos importados han afectado la rentabilidad de las empresas nacionales.<\/p>\n<p>Jorge Sorabilla, secretario de la fundaci\u00f3n, subraya la necesidad de \u00abcondiciones de competencia leal\u00bb. Sorabilla tambi\u00e9n se\u00f1ala que los impuestos que se aplican a lo largo de la cadena de producci\u00f3n representan m\u00e1s del 50% del precio final que paga el consumidor. Esto, sumado a un tipo de cambio que favorece a los productos importados, ha puesto en jaque a las empresas locales, que ven c\u00f3mo sus costos aumentan y sus ventas caen.<\/p>\n<p>A medida que avanza el 2024, el panorama para la industria textil sigue empeorando. Las pol\u00edticas econ\u00f3micas actuales no ofrecen una soluci\u00f3n inmediata, y los empresarios del sector textil reclaman reformas estructurales que les permitan competir en mejores condiciones.<\/p>\n","protected":false},"excerpt":{"rendered":"<p>La industria textil argentina est\u00e1 en un punto cr\u00edtico. Seg\u00fan el \u00faltimo informe de la fundaci\u00f3n Pro Tejer, en lo<\/p>\n","protected":false},"author":1,"featured_media":84502,"comment_status":"closed","ping_status":"closed","sticky":false,"template":"","format":"standard","meta":{"kia_subtitle":"La industria textil atraviesa una de sus peores crisis en a\u00f1os, con una combinaci\u00f3n de ca\u00edda del consumo interno, aumento de costos y falta de pol\u00edticas p\u00fablicas que deja a miles de trabajadores sin empleo y a muchas f\u00e1bricas cerrando sus puertas.","footnotes":"","jetpack_publicize_message":"","jetpack_publicize_feature_enabled":true,"jetpack_social_post_already_shared":true,"jetpack_social_options":{"image_generator_settings":{"template":"highway","default_image_id":0,"font":"","enabled":false},"version":2}},"categories":[3,41],"tags":[],"class_list":["post-109541","post","type-post","status-publish","format-standard","has-post-thumbnail","hentry","category-actualidad","category-nacionales"],"jetpack_publicize_connections":[],"jetpack_featured_media_url":"https:\/\/laurbedigital.com.ar\/noticias\/wp-content\/uploads\/2022\/11\/20221102-Textil.jpg","_links":{"self":[{"href":"https:\/\/laurbedigital.com.ar\/noticias\/wp-json\/wp\/v2\/posts\/109541","targetHints":{"allow":["GET"]}}],"collection":[{"href":"https:\/\/laurbedigital.com.ar\/noticias\/wp-json\/wp\/v2\/posts"}],"about":[{"href":"https:\/\/laurbedigital.com.ar\/noticias\/wp-json\/wp\/v2\/types\/post"}],"author":[{"embeddable":true,"href":"https:\/\/laurbedigital.com.ar\/noticias\/wp-json\/wp\/v2\/users\/1"}],"replies":[{"embeddable":true,"href":"https:\/\/laurbedigital.com.ar\/noticias\/wp-json\/wp\/v2\/comments?post=109541"}],"version-history":[{"count":2,"href":"https:\/\/laurbedigital.com.ar\/noticias\/wp-json\/wp\/v2\/posts\/109541\/revisions"}],"predecessor-version":[{"id":109543,"href":"https:\/\/laurbedigital.com.ar\/noticias\/wp-json\/wp\/v2\/posts\/109541\/revisions\/109543"}],"wp:featuredmedia":[{"embeddable":true,"href":"https:\/\/laurbedigital.com.ar\/noticias\/wp-json\/wp\/v2\/media\/84502"}],"wp:attachment":[{"href":"https:\/\/laurbedigital.com.ar\/noticias\/wp-json\/wp\/v2\/media?parent=109541"}],"wp:term":[{"taxonomy":"category","embeddable":true,"href":"https:\/\/laurbedigital.com.ar\/noticias\/wp-json\/wp\/v2\/categories?post=109541"},{"taxonomy":"post_tag","embeddable":true,"href":"https:\/\/laurbedigital.com.ar\/noticias\/wp-json\/wp\/v2\/tags?post=109541"}],"curies":[{"name":"wp","href":"https:\/\/api.w.org\/{rel}","templated":true}]}}