{"id":109532,"date":"2024-10-09T16:45:48","date_gmt":"2024-10-09T19:45:48","guid":{"rendered":"https:\/\/laurbedigital.com.ar\/noticias\/?p=109532"},"modified":"2024-10-09T16:45:48","modified_gmt":"2024-10-09T19:45:48","slug":"cascallares-recorrio-el-programa-organizar-comunidad-que-brindara-mas-servicios-este-jueves-en-glew","status":"publish","type":"post","link":"https:\/\/laurbedigital.com.ar\/noticias\/2024\/10\/09\/cascallares-recorrio-el-programa-organizar-comunidad-que-brindara-mas-servicios-este-jueves-en-glew\/","title":{"rendered":"Cascallares recorri\u00f3 el programa \u201cOrganizar Comunidad\u201d que brindar\u00e1 m\u00e1s servicios este jueves en Glew"},"content":{"rendered":"<p>La visita se llev\u00f3 adelante en la plaza Nuestras Malvinas, ubicada en Hugo T. Campbell y Fausto, donde de 9 a 14 se despleg\u00f3 el operativo interministerial que permite que la comunidad tenga acceso a diferentes prestaciones y asesoramiento respecto de organismos nacionales, provinciales y municipales.<\/p>\n<h6><strong>\u201cGracias al trabajo articulado con la Provincia, desembarc\u00f3 en la localidad de Glew este importante programa que acerca importantes servicios y brinda soluciones a los vecinos y vecinas de forma descentralizada\u201d, sostuvo Cascallares.<\/strong><\/h6>\n<p>Durante la jornada hubo stands de distintos organismos, como el Instituto de Previsi\u00f3n Social (IPS), asesorando a vecinos sobre tr\u00e1mites previsionales; de IOMA, evacuando dudas y brindando informaci\u00f3n sobre las prestaciones y servicios de la obra social; y del Ministerio de Justicia y Derechos Humanos, con los Centros de Acceso a la Justicia (CAJUS) difundiendo informaci\u00f3n y evacuando dudas en materia legal.<\/p>\n<p>Tambi\u00e9n del Ministerio de Seguridad contando las diferentes herramientas preventivas del delito; y tambi\u00e9n del Ministerio de Salud, difundiendo informaci\u00f3n sobre sus distintos programas como los de prevenci\u00f3n del dengue, la donaci\u00f3n de sangre y de vacunaci\u00f3n antigripal, entre otros servicios.<\/p>\n<p>Otro de los stands fue el del Ministerio de Desarrollo de la Comunidad, brindando informaci\u00f3n sobre los distintos programas de acompa\u00f1amiento y fortalecimiento; junto con los del Ministerio de H\u00e1bitat y Desarrollo Urbano, y el de Trabajo.<\/p>\n<p><img loading=\"lazy\" decoding=\"async\" class=\"alignnone size-full wp-image-109533\" src=\"https:\/\/laurbedigital.com.ar\/noticias\/wp-content\/uploads\/2024\/10\/20241009-Brown-registro-de-las-personas-ORGANIZAR-COMUNIDAD-glew.jpg\" alt=\"\" width=\"768\" height=\"424\" title=\"\" srcset=\"https:\/\/laurbedigital.com.ar\/noticias\/wp-content\/uploads\/2024\/10\/20241009-Brown-registro-de-las-personas-ORGANIZAR-COMUNIDAD-glew.jpg 768w, https:\/\/laurbedigital.com.ar\/noticias\/wp-content\/uploads\/2024\/10\/20241009-Brown-registro-de-las-personas-ORGANIZAR-COMUNIDAD-glew-300x166.jpg 300w\" sizes=\"auto, (max-width: 768px) 100vw, 768px\" \/><\/p>\n<p>Finalmente, los vecinos pudieron resolver tambi\u00e9n tr\u00e1mites vinculados al Registro de las Personas y puntualmente respecto del DNI y de la Defensor\u00eda de la Provincia de Buenos Aires, como as\u00ed tambi\u00e9n adquirir productos de primer nivel a precios populares en el Mercado de Productores, entre muchas propuestas m\u00e1s.<\/p>\n<p>Cabe destacar que la actividad es promovida por la subsecretar\u00eda de organizaci\u00f3n Comunitaria del Ministerio de Desarrollo de la Comunidad bonaerense, en articulaci\u00f3n con el Municipio e instituciones de la sociedad civil.<\/p>\n<p>Durante el operativo estuvo presente tambi\u00e9n el programa \u201cBrown Activo Contra el Dengue\u201d, con el objetivo de potenciar la campa\u00f1a de concientizaci\u00f3n y descacharrizaci\u00f3n para eliminar las larvas del mosquito \u201cAedes Aegipty\u201d.<\/p>\n","protected":false},"excerpt":{"rendered":"<p>La visita se llev\u00f3 adelante en la plaza Nuestras Malvinas, ubicada en Hugo T. Campbell y Fausto, donde de 9<\/p>\n","protected":false},"author":1,"featured_media":109534,"comment_status":"closed","ping_status":"closed","sticky":false,"template":"","format":"standard","meta":{"kia_subtitle":"El intendente de Almirante Brown, Mariano Cascallares, dijo \u201cpresente\u201d en los stands del programa \u201cOrganizar Comunidad\u201d, un dispositivo territorial que este mi\u00e9rcoles y jueves desembarca en Glew con importantes servicios para los vecinos de esa localidad.","footnotes":"","jetpack_publicize_message":"","jetpack_publicize_feature_enabled":true,"jetpack_social_post_already_shared":true,"jetpack_social_options":{"image_generator_settings":{"template":"highway","default_image_id":0,"font":"","enabled":false},"version":2}},"categories":[2,33,50],"tags":[],"class_list":["post-109532","post","type-post","status-publish","format-standard","has-post-thumbnail","hentry","category-alte-brown","category-alte-brown-alte-brown","category-glew"],"jetpack_publicize_connections":[],"jetpack_featured_media_url":"https:\/\/laurbedigital.com.ar\/noticias\/wp-content\/uploads\/2024\/10\/20241009-Brown-registro-de-las-personas-ORGANIZAR-COMUNIDAD-glew1.jpg","_links":{"self":[{"href":"https:\/\/laurbedigital.com.ar\/noticias\/wp-json\/wp\/v2\/posts\/109532","targetHints":{"allow":["GET"]}}],"collection":[{"href":"https:\/\/laurbedigital.com.ar\/noticias\/wp-json\/wp\/v2\/posts"}],"about":[{"href":"https:\/\/laurbedigital.com.ar\/noticias\/wp-json\/wp\/v2\/types\/post"}],"author":[{"embeddable":true,"href":"https:\/\/laurbedigital.com.ar\/noticias\/wp-json\/wp\/v2\/users\/1"}],"replies":[{"embeddable":true,"href":"https:\/\/laurbedigital.com.ar\/noticias\/wp-json\/wp\/v2\/comments?post=109532"}],"version-history":[{"count":2,"href":"https:\/\/laurbedigital.com.ar\/noticias\/wp-json\/wp\/v2\/posts\/109532\/revisions"}],"predecessor-version":[{"id":109536,"href":"https:\/\/laurbedigital.com.ar\/noticias\/wp-json\/wp\/v2\/posts\/109532\/revisions\/109536"}],"wp:featuredmedia":[{"embeddable":true,"href":"https:\/\/laurbedigital.com.ar\/noticias\/wp-json\/wp\/v2\/media\/109534"}],"wp:attachment":[{"href":"https:\/\/laurbedigital.com.ar\/noticias\/wp-json\/wp\/v2\/media?parent=109532"}],"wp:term":[{"taxonomy":"category","embeddable":true,"href":"https:\/\/laurbedigital.com.ar\/noticias\/wp-json\/wp\/v2\/categories?post=109532"},{"taxonomy":"post_tag","embeddable":true,"href":"https:\/\/laurbedigital.com.ar\/noticias\/wp-json\/wp\/v2\/tags?post=109532"}],"curies":[{"name":"wp","href":"https:\/\/api.w.org\/{rel}","templated":true}]}}