{"id":109431,"date":"2024-10-07T00:08:59","date_gmt":"2024-10-07T03:08:59","guid":{"rendered":"https:\/\/laurbedigital.com.ar\/noticias\/?p=109431"},"modified":"2024-10-06T23:17:42","modified_gmt":"2024-10-07T02:17:42","slug":"el-dia-mundial-del-habitat-reflexionando-sobre-el-futuro-de-nuestras-ciudades","status":"publish","type":"post","link":"https:\/\/laurbedigital.com.ar\/noticias\/2024\/10\/07\/el-dia-mundial-del-habitat-reflexionando-sobre-el-futuro-de-nuestras-ciudades\/","title":{"rendered":"El D\u00eda Mundial del H\u00e1bitat: reflexionando sobre el futuro de nuestras ciudades"},"content":{"rendered":"<p>El D\u00eda Mundial del H\u00e1bitat, celebrado cada a\u00f1o el primer lunes de octubre, es una oportunidad crucial para analizar el impacto del crecimiento urbano y los desaf\u00edos que enfrentan las ciudades modernas. Proclamado por la ONU en 1985, este d\u00eda busca generar conciencia sobre la importancia de garantizar viviendas adecuadas, infraestructuras resilientes y un entorno saludable para todos los habitantes del planeta.<\/p>\n<p>Este a\u00f1o, el tema central gira en torno a la urgente necesidad de construir ciudades m\u00e1s inclusivas y sostenibles, donde el acceso a servicios b\u00e1sicos como agua potable, electricidad y transporte no sea un privilegio, sino un derecho fundamental. Las estad\u00edsticas actuales subrayan la magnitud del desaf\u00edo: seg\u00fan la ONU-H\u00e1bitat, m\u00e1s de mil millones de personas viven en asentamientos informales o carecen de viviendas seguras. Adem\u00e1s, el acelerado crecimiento poblacional en \u00e1reas urbanas, sobre todo en pa\u00edses en v\u00edas de desarrollo, ha dejado a muchos habitantes en situaciones de vulnerabilidad.<\/p>\n<p>El fen\u00f3meno de la urbanizaci\u00f3n masiva no solo afecta a los residentes de las ciudades, sino que tambi\u00e9n ejerce presi\u00f3n sobre los recursos naturales y el medio ambiente. En este sentido, la planificaci\u00f3n urbana sostenible se presenta como una soluci\u00f3n que busca equilibrar el desarrollo econ\u00f3mico con la conservaci\u00f3n del entorno. Desde la creaci\u00f3n de espacios verdes hasta la reducci\u00f3n de las emisiones de carbono mediante la promoci\u00f3n de transporte p\u00fablico eficiente y ecol\u00f3gico, las ciudades tienen el potencial de liderar el cambio hacia un futuro m\u00e1s verde y equitativo.<\/p>\n<p>Sin embargo, el camino hacia la sostenibilidad no est\u00e1 exento de obst\u00e1culos. La falta de recursos, la corrupci\u00f3n y las pol\u00edticas ineficientes en algunos pa\u00edses impiden la implementaci\u00f3n efectiva de proyectos urban\u00edsticos que respondan a las necesidades reales de la poblaci\u00f3n. Por esta raz\u00f3n, es vital que gobiernos, empresas y ciudadanos trabajen en conjunto para encontrar soluciones innovadoras y duraderas que mejoren la calidad de vida en los entornos urbanos.<\/p>\n","protected":false},"excerpt":{"rendered":"<p>El D\u00eda Mundial del H\u00e1bitat, celebrado cada a\u00f1o el primer lunes de octubre, es una oportunidad crucial para analizar el<\/p>\n","protected":false},"author":1,"featured_media":109432,"comment_status":"closed","ping_status":"closed","sticky":false,"template":"","format":"standard","meta":{"kia_subtitle":"Cada primer lunes de octubre, el D\u00eda Mundial del H\u00e1bitat nos invita a reflexionar sobre el estado de nuestras ciudades y la importancia de un h\u00e1bitat digno, sostenible y accesible para todos.","footnotes":"","jetpack_publicize_message":"","jetpack_publicize_feature_enabled":true,"jetpack_social_post_already_shared":true,"jetpack_social_options":{"image_generator_settings":{"template":"highway","default_image_id":0,"font":"","enabled":false},"version":2}},"categories":[5,2594],"tags":[],"class_list":["post-109431","post","type-post","status-publish","format-standard","has-post-thumbnail","hentry","category-cultura","category-efemerides"],"jetpack_publicize_connections":[],"jetpack_featured_media_url":"https:\/\/laurbedigital.com.ar\/noticias\/wp-content\/uploads\/2024\/10\/20241007-Habitat.jpg","_links":{"self":[{"href":"https:\/\/laurbedigital.com.ar\/noticias\/wp-json\/wp\/v2\/posts\/109431","targetHints":{"allow":["GET"]}}],"collection":[{"href":"https:\/\/laurbedigital.com.ar\/noticias\/wp-json\/wp\/v2\/posts"}],"about":[{"href":"https:\/\/laurbedigital.com.ar\/noticias\/wp-json\/wp\/v2\/types\/post"}],"author":[{"embeddable":true,"href":"https:\/\/laurbedigital.com.ar\/noticias\/wp-json\/wp\/v2\/users\/1"}],"replies":[{"embeddable":true,"href":"https:\/\/laurbedigital.com.ar\/noticias\/wp-json\/wp\/v2\/comments?post=109431"}],"version-history":[{"count":1,"href":"https:\/\/laurbedigital.com.ar\/noticias\/wp-json\/wp\/v2\/posts\/109431\/revisions"}],"predecessor-version":[{"id":109434,"href":"https:\/\/laurbedigital.com.ar\/noticias\/wp-json\/wp\/v2\/posts\/109431\/revisions\/109434"}],"wp:featuredmedia":[{"embeddable":true,"href":"https:\/\/laurbedigital.com.ar\/noticias\/wp-json\/wp\/v2\/media\/109432"}],"wp:attachment":[{"href":"https:\/\/laurbedigital.com.ar\/noticias\/wp-json\/wp\/v2\/media?parent=109431"}],"wp:term":[{"taxonomy":"category","embeddable":true,"href":"https:\/\/laurbedigital.com.ar\/noticias\/wp-json\/wp\/v2\/categories?post=109431"},{"taxonomy":"post_tag","embeddable":true,"href":"https:\/\/laurbedigital.com.ar\/noticias\/wp-json\/wp\/v2\/tags?post=109431"}],"curies":[{"name":"wp","href":"https:\/\/api.w.org\/{rel}","templated":true}]}}