{"id":109304,"date":"2024-10-02T14:29:39","date_gmt":"2024-10-02T17:29:39","guid":{"rendered":"https:\/\/laurbedigital.com.ar\/noticias\/?p=109304"},"modified":"2024-10-02T14:29:39","modified_gmt":"2024-10-02T17:29:39","slug":"lanzaron-descuentos-del-40-con-la-cuenta-dni-en-la-feria-internacional-del-libro-de-alte-brown","status":"publish","type":"post","link":"https:\/\/laurbedigital.com.ar\/noticias\/2024\/10\/02\/lanzaron-descuentos-del-40-con-la-cuenta-dni-en-la-feria-internacional-del-libro-de-alte-brown\/","title":{"rendered":"Lanzaron descuentos del 40% con la \u00abCuenta Dni\u00bb en la Feria Internacional del Libro de Alte Brown"},"content":{"rendered":"<p>Esta importante iniciativa, que tiene como principal objetivo fomentar la lectura y tambi\u00e9n potenciar el trabajo de las editoriales, estar\u00e1 disponible toda la semana hasta el domingo 6 de octubre con un tope de reintegro unificado total de 4 mil pesos por la compra de cada libro.<\/p>\n<p>En paralelo, ya son miles los vecinos y vecinas que desde el lunes disfrutan de la octava edici\u00f3n de\u00a0FILAB, que este a\u00f1o incluye m\u00e1s de 200 charlas, presentaciones de libros y actividades art\u00edsticas y culturales, adem\u00e1s de stands de editoriales y el flamante espacio de radio y streaming de \u201cAula Abierta\u201d y \u201cAlt en Vivo\u201d y Radio Provincia.<\/p>\n<p>En este sentido, toda la agenda puede ser visualizada en la web municipal\u00a0<a href=\"https:\/\/www.almirantebrown.gov.ar\/\" target=\"_blank\" rel=\"nofollow noopener\" data-saferedirecturl=\"https:\/\/www.google.com\/url?q=https:\/\/www.almirantebrown.gov.ar\/&amp;source=gmail&amp;ust=1727975208858000&amp;usg=AOvVaw3j0p-4dE2WI7w1Yuiofgf2\">https:\/\/www.almirantebrown.<wbr \/>gov.ar\/<\/a>\u00a0o a trav\u00e9s del sitio:\u00a0<a href=\"https:\/\/www.educacion.brown.gob.ar\/agendafilab\" target=\"_blank\" rel=\"nofollow noopener\" data-saferedirecturl=\"https:\/\/www.google.com\/url?q=https:\/\/www.educacion.brown.gob.ar\/agendafilab&amp;source=gmail&amp;ust=1727975208858000&amp;usg=AOvVaw2CkHqJi0-idcI3LQidnrHm\">https:\/\/www.educacion.<wbr \/>brown.gob.ar\/agendafilab<\/a>.<\/p>\n<p><img loading=\"lazy\" decoding=\"async\" class=\"alignnone size-full wp-image-109305\" src=\"https:\/\/laurbedigital.com.ar\/noticias\/wp-content\/uploads\/2024\/10\/20241002-Brown-Cuenta-DNI.jpg\" alt=\"\" width=\"768\" height=\"424\" title=\"\" srcset=\"https:\/\/laurbedigital.com.ar\/noticias\/wp-content\/uploads\/2024\/10\/20241002-Brown-Cuenta-DNI.jpg 768w, https:\/\/laurbedigital.com.ar\/noticias\/wp-content\/uploads\/2024\/10\/20241002-Brown-Cuenta-DNI-300x166.jpg 300w\" sizes=\"auto, (max-width: 768px) 100vw, 768px\" \/><\/p>\n<p><span lang=\"ES-AR\">Hoy mi\u00e9rcoles, por ejemplo, las actividades siguen destinadas fundamentalmente para los estudiantes de todas las modalidades educativas, al tiempo que habr\u00e1 presentaciones a cargo de Francisco Pesta\u00f1a, Leticia Otaz\u00faa, del ilustrador Diego Greco, de la Orquesta Escuela de Alte Brown y de investigadores del Conicet, entre muchas propuestas m\u00e1s.<\/span><\/p>\n<p>Ma\u00f1ana jueves se prev\u00e9 la participaci\u00f3n de la escritora Mariana Enr\u00edquez, que desde las 18 hablar\u00e1 de su novela \u201cUn lugar soleado para gente sombr\u00eda\u201d, en el Auditorio Rodolfo Walsh.<\/p>\n<p>Tambi\u00e9n estar\u00e1 Thelma Fard\u00edn, quien desde las 19 presentar\u00e1 su trabajo \u201cEl arte de no callar\u201d y tambi\u00e9n el show musical de Arbolito, desde las 20:30, entre muchas propuestas m\u00e1s.<\/p>\n<p>Ma\u00f1ana viernes, en tanto, Pacho O\u2019Donnel presentar\u00e1 su libro \u201cLa nueva vejez\u201d; Gustavo Sylvestre hablar\u00e1 de su libro \u201cPepe Mugica. Ligero de Equipaje\u201d, Alejandro Vaccaro que brindar\u00e1 una conferencia sobre la vida y obra de Borges, y tambi\u00e9n el cl\u00e1sico de cada a\u00f1o: Alejandro Dolina junto a Gillespi, Bart\u00f3n y el Tr\u00edo sin Nombre grabando su programa \u201cLa venganza ser\u00e1 terrible\u201d, desde las 21:30.<\/p>\n<p>El s\u00e1bado 5 estar\u00e1 Miguel REP con su taller acerca del humor y el dibujo de Quino; el periodista Reynaldo Sietecase presentar\u00e1 su libro \u201cLa Rey\u201d; Mauro Szeta y Paulo Kablan hablar\u00e1n sobre su \u201cAnecdotario de la historia criminal argentina\u201d desde las 19:30; Florencia Canale presentar\u00e1 su novela \u201cEl Diablo\u201d; Alejandro Apo su espect\u00e1culo \u201cPoes\u00eda en el barrio y el f\u00fatbol en el alma\u201d y finalmente Felipe Pigna hablar\u00e1 de su libro \u201cA 20 a\u00f1os de mitos de la Historia Argentina 1\u201d, desde las 21.<\/p>\n<p>Por \u00faltimo, el domingo estar\u00e1n Los Rockan y Los Cazurros; el humorista gr\u00e1fico Tute, desde las 17; Fernando Signorini y Luciano Wernicke hablar\u00e1n sobre su libro \u201cDiego desde adentro\u201d, a partir de las 18; Gabriela Cabez\u00f3n C\u00e1mara presentar\u00e1 su novela \u201cLas ni\u00f1as del Naranjel\u201d desde las 19; y el cierre de lujo estar\u00e1 a cargo de La Bomba del Tiempo.<\/p>\n","protected":false},"excerpt":{"rendered":"<p>Esta importante iniciativa, que tiene como principal objetivo fomentar la lectura y tambi\u00e9n potenciar el trabajo de las editoriales, estar\u00e1<\/p>\n","protected":false},"author":1,"featured_media":109306,"comment_status":"closed","ping_status":"closed","sticky":false,"template":"","format":"standard","meta":{"kia_subtitle":"El Municipio de Almirante Brown anunci\u00f3 que durante la 8\u00b0 Feria Internacional del Libro de Almirante Brown (FILAB) los vecinos pueden acceder a descuentos del 40 por ciento en los stands de las editoriales adheridas a la Cuenta DNI, a partir un trabajo articulado entre la Comuna local y el Banco Provincia.","footnotes":"","jetpack_publicize_message":"","jetpack_publicize_feature_enabled":true,"jetpack_social_post_already_shared":true,"jetpack_social_options":{"image_generator_settings":{"template":"highway","default_image_id":0,"font":"","enabled":false},"version":2}},"categories":[2,33],"tags":[],"class_list":["post-109304","post","type-post","status-publish","format-standard","has-post-thumbnail","hentry","category-alte-brown","category-alte-brown-alte-brown"],"jetpack_publicize_connections":[],"jetpack_featured_media_url":"https:\/\/laurbedigital.com.ar\/noticias\/wp-content\/uploads\/2024\/10\/20241002-Brown-Cuenta-DNI1.jpg","_links":{"self":[{"href":"https:\/\/laurbedigital.com.ar\/noticias\/wp-json\/wp\/v2\/posts\/109304","targetHints":{"allow":["GET"]}}],"collection":[{"href":"https:\/\/laurbedigital.com.ar\/noticias\/wp-json\/wp\/v2\/posts"}],"about":[{"href":"https:\/\/laurbedigital.com.ar\/noticias\/wp-json\/wp\/v2\/types\/post"}],"author":[{"embeddable":true,"href":"https:\/\/laurbedigital.com.ar\/noticias\/wp-json\/wp\/v2\/users\/1"}],"replies":[{"embeddable":true,"href":"https:\/\/laurbedigital.com.ar\/noticias\/wp-json\/wp\/v2\/comments?post=109304"}],"version-history":[{"count":2,"href":"https:\/\/laurbedigital.com.ar\/noticias\/wp-json\/wp\/v2\/posts\/109304\/revisions"}],"predecessor-version":[{"id":109308,"href":"https:\/\/laurbedigital.com.ar\/noticias\/wp-json\/wp\/v2\/posts\/109304\/revisions\/109308"}],"wp:featuredmedia":[{"embeddable":true,"href":"https:\/\/laurbedigital.com.ar\/noticias\/wp-json\/wp\/v2\/media\/109306"}],"wp:attachment":[{"href":"https:\/\/laurbedigital.com.ar\/noticias\/wp-json\/wp\/v2\/media?parent=109304"}],"wp:term":[{"taxonomy":"category","embeddable":true,"href":"https:\/\/laurbedigital.com.ar\/noticias\/wp-json\/wp\/v2\/categories?post=109304"},{"taxonomy":"post_tag","embeddable":true,"href":"https:\/\/laurbedigital.com.ar\/noticias\/wp-json\/wp\/v2\/tags?post=109304"}],"curies":[{"name":"wp","href":"https:\/\/api.w.org\/{rel}","templated":true}]}}