{"id":109257,"date":"2024-09-30T20:59:55","date_gmt":"2024-09-30T23:59:55","guid":{"rendered":"https:\/\/laurbedigital.com.ar\/noticias\/?p=109257"},"modified":"2024-09-30T20:59:55","modified_gmt":"2024-09-30T23:59:55","slug":"pami-recorta-beneficios-jubilados-sin-afiliacion-y-menos-medicamentos-en-octubre","status":"publish","type":"post","link":"https:\/\/laurbedigital.com.ar\/noticias\/2024\/09\/30\/pami-recorta-beneficios-jubilados-sin-afiliacion-y-menos-medicamentos-en-octubre\/","title":{"rendered":"PAMI recorta beneficios: jubilados sin afiliaci\u00f3n y menos medicamentos en octubre"},"content":{"rendered":"<h4><strong>Limitaciones en la afiliaci\u00f3n<\/strong><\/h4>\n<p>A partir de octubre de 2024, algunos pensionados no podr\u00e1n afiliarse a PAMI, lo que ha generado preocupaci\u00f3n entre quienes dependen del sistema previsional. Seg\u00fan lo establecido en el art\u00edculo 10 del Reglamento de Compras y Contrataciones, los titulares de Pensiones No Contributivas (PNC) ser\u00e1n excluidos de la afiliaci\u00f3n, incluso si son familiares directos de jubilados. Esta medida afecta a quienes reciben pensiones por madre de siete hijos, vejez o invalidez, todos bajo el Sistema Integrado Previsional Argentino (SIPA).<\/p>\n<h4><strong>Reducci\u00f3n en la cobertura de medicamentos<\/strong><\/h4>\n<p>Otra medida que entrar\u00e1 en vigencia en octubre es la actualizaci\u00f3n de la lista de medicamentos cubiertos por PAMI. La obra social dejar\u00e1 de financiar una serie de medicamentos esenciales, generando gran preocupaci\u00f3n entre los beneficiarios. Entre los tratamientos que quedar\u00e1n fuera de la cobertura se encuentran antibi\u00f3ticos, corticoides, antiparasitarios, suplementos, y medicamentos para el dolor como la morfina y el tramadol.<\/p>\n<p>Algunos de los medicamentos que ya no estar\u00e1n cubiertos son el \u00e1cido acetilsalic\u00edlico (antiagregante plaquetario), el aciclovir (antiviral), la betametasona (corticoide), la ciprofloxacina (antibi\u00f3tico), la ivermectina (antiparasitario), y la prednisona (corticoide), entre otros.<\/p>\n<h4><strong>Impacto en los jubilados<\/strong><\/h4>\n<p>Estos recortes en la cobertura han generado una ola de preocupaci\u00f3n en los jubilados, que temen que el costo de sus tratamientos aumente considerablemente. Muchos de estos medicamentos son de uso frecuente para tratar enfermedades cr\u00f3nicas, lo que podr\u00eda impactar gravemente en la calidad de vida de los afectados.<\/p>\n<p>Mientras tanto, desde PAMI se defiende la decisi\u00f3n alegando que busca optimizar los recursos disponibles para seguir ofreciendo un servicio adecuado a sus afiliados. Sin embargo, los jubilados, muchos de ellos con ingresos limitados, enfrentar\u00e1n mayores dificultades para costear sus medicamentos.<\/p>\n","protected":false},"excerpt":{"rendered":"<p>Limitaciones en la afiliaci\u00f3n A partir de octubre de 2024, algunos pensionados no podr\u00e1n afiliarse a PAMI, lo que ha<\/p>\n","protected":false},"author":1,"featured_media":102892,"comment_status":"closed","ping_status":"closed","sticky":false,"template":"","format":"standard","meta":{"kia_subtitle":"El Programa de Atenci\u00f3n M\u00e9dica Integral (PAMI) implementar\u00e1 en octubre cambios significativos que afectar\u00e1n a jubilados y pensionados. Entre las medidas, se incluye la exclusi\u00f3n de ciertos beneficiarios de la afiliaci\u00f3n y una importante reducci\u00f3n en la cobertura de medicamentos esenciales.","footnotes":"","jetpack_publicize_message":"","jetpack_publicize_feature_enabled":true,"jetpack_social_post_already_shared":true,"jetpack_social_options":{"image_generator_settings":{"template":"highway","default_image_id":0,"font":"","enabled":false},"version":2}},"categories":[3,41],"tags":[],"class_list":["post-109257","post","type-post","status-publish","format-standard","has-post-thumbnail","hentry","category-actualidad","category-nacionales"],"jetpack_publicize_connections":[],"jetpack_featured_media_url":"https:\/\/laurbedigital.com.ar\/noticias\/wp-content\/uploads\/2024\/03\/202400312-jubilados.jpg","_links":{"self":[{"href":"https:\/\/laurbedigital.com.ar\/noticias\/wp-json\/wp\/v2\/posts\/109257","targetHints":{"allow":["GET"]}}],"collection":[{"href":"https:\/\/laurbedigital.com.ar\/noticias\/wp-json\/wp\/v2\/posts"}],"about":[{"href":"https:\/\/laurbedigital.com.ar\/noticias\/wp-json\/wp\/v2\/types\/post"}],"author":[{"embeddable":true,"href":"https:\/\/laurbedigital.com.ar\/noticias\/wp-json\/wp\/v2\/users\/1"}],"replies":[{"embeddable":true,"href":"https:\/\/laurbedigital.com.ar\/noticias\/wp-json\/wp\/v2\/comments?post=109257"}],"version-history":[{"count":2,"href":"https:\/\/laurbedigital.com.ar\/noticias\/wp-json\/wp\/v2\/posts\/109257\/revisions"}],"predecessor-version":[{"id":109259,"href":"https:\/\/laurbedigital.com.ar\/noticias\/wp-json\/wp\/v2\/posts\/109257\/revisions\/109259"}],"wp:featuredmedia":[{"embeddable":true,"href":"https:\/\/laurbedigital.com.ar\/noticias\/wp-json\/wp\/v2\/media\/102892"}],"wp:attachment":[{"href":"https:\/\/laurbedigital.com.ar\/noticias\/wp-json\/wp\/v2\/media?parent=109257"}],"wp:term":[{"taxonomy":"category","embeddable":true,"href":"https:\/\/laurbedigital.com.ar\/noticias\/wp-json\/wp\/v2\/categories?post=109257"},{"taxonomy":"post_tag","embeddable":true,"href":"https:\/\/laurbedigital.com.ar\/noticias\/wp-json\/wp\/v2\/tags?post=109257"}],"curies":[{"name":"wp","href":"https:\/\/api.w.org\/{rel}","templated":true}]}}