{"id":109252,"date":"2024-09-30T20:21:10","date_gmt":"2024-09-30T23:21:10","guid":{"rendered":"https:\/\/laurbedigital.com.ar\/noticias\/?p=109252"},"modified":"2024-09-30T20:21:10","modified_gmt":"2024-09-30T23:21:10","slug":"nuevo-feriado-nacional-se-viene-otro-fin-de-semana-largo","status":"publish","type":"post","link":"https:\/\/laurbedigital.com.ar\/noticias\/2024\/09\/30\/nuevo-feriado-nacional-se-viene-otro-fin-de-semana-largo\/","title":{"rendered":"Nuevo feriado nacional: se viene otro fin de semana largo"},"content":{"rendered":"<h4><strong>Modificaci\u00f3n de feriados<\/strong><\/h4>\n<p>El \u00faltimo fin de semana largo de septiembre fue trasladado, permitiendo a las provincias de C\u00f3rdoba y Santa Fe disfrutar de un descanso adicional el pr\u00f3ximo 30 de septiembre, debido a celebraciones patronales en diversas localidades. Sin embargo, el verdadero cambio de impacto nacional ocurrir\u00e1 el lunes 18 de noviembre, cuando se implemente un nuevo feriado puente. Esto permitir\u00e1 un descanso prolongado desde el s\u00e1bado 16 hasta el lunes 18 de noviembre, favoreciendo a quienes desean realizar una escapada de mini vacaciones o descansar antes del cierre de a\u00f1o.<\/p>\n<h4><strong>Un fin de semana para fomentar el turismo local<\/strong><\/h4>\n<p>Este nuevo feriado puente tiene como principal objetivo fomentar el turismo interno y apoyar a las econom\u00edas locales. El viernes 11 de octubre ser\u00e1 el pr\u00f3ximo feriado nacional, justo antes del D\u00eda del Respeto a la Diversidad Cultural, celebrado el 12 de octubre. Este d\u00eda, que anteriormente se conoc\u00eda como el D\u00eda de la Raza, fue modificado en 2010 por el Decreto 1584 bajo el mandato de Cristina Fern\u00e1ndez de Kirchner, con el fin de resaltar la diversidad y los valores de los pueblos originarios previos a la llegada de Crist\u00f3bal Col\u00f3n a Am\u00e9rica.<\/p>\n<h4><strong>Pr\u00f3ximos feriados de 2024<\/strong><\/h4>\n<p>Con el a\u00f1o ya en su recta final, los trabajadores argentinos podr\u00e1n disfrutar de los siguientes feriados nacionales:<\/p>\n<ul>\n<li><strong>11 de octubre<\/strong>: D\u00eda del Respeto a la Diversidad Cultural.<\/li>\n<li><strong>Del s\u00e1bado 16 al lunes 18 de noviembre<\/strong>: Feriado por la Soberan\u00eda Nacional, que dar\u00e1 lugar a otro fin de semana largo.<\/li>\n<li><strong>8 de diciembre<\/strong>: D\u00eda de la Inmaculada Concepci\u00f3n de Mar\u00eda.<\/li>\n<li><strong>25 de diciembre<\/strong>: Navidad.<\/li>\n<\/ul>\n<p>Esta serie de descansos ofrece la oportunidad perfecta para apoyar el turismo local y regional, permitiendo a los ciudadanos descubrir destinos dentro de Argentina, al tiempo que dinamizan sectores como el hospedaje, la gastronom\u00eda y otros servicios tur\u00edsticos en el interior del pa\u00eds.<\/p>\n","protected":false},"excerpt":{"rendered":"<p>Modificaci\u00f3n de feriados El \u00faltimo fin de semana largo de septiembre fue trasladado, permitiendo a las provincias de C\u00f3rdoba y<\/p>\n","protected":false},"author":1,"featured_media":73178,"comment_status":"closed","ping_status":"closed","sticky":false,"template":"","format":"standard","meta":{"kia_subtitle":"El Gobierno Nacional ha dispuesto la modificaci\u00f3n de un feriado, lo que traer\u00e1 un nuevo fin de semana largo, ideal para peque\u00f1as escapadas y potenciar el turismo local. Este cambio se basa en la Ley de Establecimiento de Feriados y busca impulsar las econom\u00edas regionales a trav\u00e9s de la actividad tur\u00edstica.","footnotes":"","jetpack_publicize_message":"","jetpack_publicize_feature_enabled":true,"jetpack_social_post_already_shared":true,"jetpack_social_options":{"image_generator_settings":{"template":"highway","default_image_id":0,"font":"","enabled":false},"version":2}},"categories":[3,41],"tags":[],"class_list":["post-109252","post","type-post","status-publish","format-standard","has-post-thumbnail","hentry","category-actualidad","category-nacionales"],"jetpack_publicize_connections":[],"jetpack_featured_media_url":"https:\/\/laurbedigital.com.ar\/noticias\/wp-content\/uploads\/2022\/03\/20220328-feriados.jpg","_links":{"self":[{"href":"https:\/\/laurbedigital.com.ar\/noticias\/wp-json\/wp\/v2\/posts\/109252","targetHints":{"allow":["GET"]}}],"collection":[{"href":"https:\/\/laurbedigital.com.ar\/noticias\/wp-json\/wp\/v2\/posts"}],"about":[{"href":"https:\/\/laurbedigital.com.ar\/noticias\/wp-json\/wp\/v2\/types\/post"}],"author":[{"embeddable":true,"href":"https:\/\/laurbedigital.com.ar\/noticias\/wp-json\/wp\/v2\/users\/1"}],"replies":[{"embeddable":true,"href":"https:\/\/laurbedigital.com.ar\/noticias\/wp-json\/wp\/v2\/comments?post=109252"}],"version-history":[{"count":1,"href":"https:\/\/laurbedigital.com.ar\/noticias\/wp-json\/wp\/v2\/posts\/109252\/revisions"}],"predecessor-version":[{"id":109253,"href":"https:\/\/laurbedigital.com.ar\/noticias\/wp-json\/wp\/v2\/posts\/109252\/revisions\/109253"}],"wp:featuredmedia":[{"embeddable":true,"href":"https:\/\/laurbedigital.com.ar\/noticias\/wp-json\/wp\/v2\/media\/73178"}],"wp:attachment":[{"href":"https:\/\/laurbedigital.com.ar\/noticias\/wp-json\/wp\/v2\/media?parent=109252"}],"wp:term":[{"taxonomy":"category","embeddable":true,"href":"https:\/\/laurbedigital.com.ar\/noticias\/wp-json\/wp\/v2\/categories?post=109252"},{"taxonomy":"post_tag","embeddable":true,"href":"https:\/\/laurbedigital.com.ar\/noticias\/wp-json\/wp\/v2\/tags?post=109252"}],"curies":[{"name":"wp","href":"https:\/\/api.w.org\/{rel}","templated":true}]}}