{"id":109147,"date":"2024-09-26T16:20:28","date_gmt":"2024-09-26T19:20:28","guid":{"rendered":"https:\/\/laurbedigital.com.ar\/noticias\/?p=109147"},"modified":"2024-09-26T16:20:28","modified_gmt":"2024-09-26T19:20:28","slug":"extienden-el-acuerdo-con-panaderos-y-continuan-los-descuentos-del-20-por-ciento-en-pan-y-facturas","status":"publish","type":"post","link":"https:\/\/laurbedigital.com.ar\/noticias\/2024\/09\/26\/extienden-el-acuerdo-con-panaderos-y-continuan-los-descuentos-del-20-por-ciento-en-pan-y-facturas\/","title":{"rendered":"Extienden el acuerdo\u00a0con panaderos y contin\u00faan los descuentos del 20 por ciento en pan y facturas"},"content":{"rendered":"<p>Se trata del\u00a0acuerdo\u00a0 sellado a principios de a\u00f1o con el Centro Industrial de Panaderos de Almirante Brown (C.I.P.A.B), gracias al trabajo articulado con la Secretar\u00eda de Producci\u00f3n, Empleo y Formaci\u00f3n Profesional, y que incluye casi 30 panader\u00edas y confiter\u00edas de diferentes barrios y localidades.<\/p>\n<p>\u201cEstamos muy contentos de anunciar que en Almirante Brown seguimos impulsando este importante acuerdo de precios con panader\u00edas de todas las localidades cuidando el bolsillo de nuestras vecinas y vecinos\u201d, destac\u00f3 el intendente Mariano Cascallares, quien subray\u00f3 la importancia de \u201cpotenciar tambi\u00e9n el desarrollo de comerciantes y pymes\u201d.<\/p>\n<p>De esta manera, las familias del distrito podr\u00e1n acceder al descuento del 20 por ciento en pan y facturas, cuyo valor en la gran mayor\u00eda de los comercios queda en $2.000 y $4.500, respectivamente, siendo uno de los precios m\u00e1s accesibles en estos productos de la regi\u00f3n.<\/p>\n<p><img loading=\"lazy\" decoding=\"async\" class=\"alignnone size-full wp-image-109148\" src=\"https:\/\/laurbedigital.com.ar\/noticias\/wp-content\/uploads\/2024\/09\/20240926-Brown-acuerdo-pan-facturas-panadererias-comercio-1.jpg\" alt=\"\" width=\"768\" height=\"428\" title=\"\" srcset=\"https:\/\/laurbedigital.com.ar\/noticias\/wp-content\/uploads\/2024\/09\/20240926-Brown-acuerdo-pan-facturas-panadererias-comercio-1.jpg 768w, https:\/\/laurbedigital.com.ar\/noticias\/wp-content\/uploads\/2024\/09\/20240926-Brown-acuerdo-pan-facturas-panadererias-comercio-1-300x167.jpg 300w\" sizes=\"auto, (max-width: 768px) 100vw, 768px\" \/><\/p>\n<h4><strong>Las panader\u00edas y comercios adheridos al nuevo\u00a0Acuerdo\u00a0de Precios son:<\/strong><\/h4>\n<p>\u2022Adrogu\u00e9:<\/p>\n<p>Summus (Esteban Adrogu\u00e9 N\u00b01092)<\/p>\n<p>Erezcano (Erezcano N\u00b01665)<\/p>\n<p>Peniel (Segu\u00ed N\u00b091)<\/p>\n<p>\u2022Burzaco<\/p>\n<p>Florencia (Alsina N\u00b0400)<\/p>\n<p>Modelo (25 de Mayo y Arist\u00f3bulo del Valle)<\/p>\n<p>\u2022Claypole<\/p>\n<p>San Jos\u00e9 (Salaberry N\u00b01113)<\/p>\n<p>Tripodi (Tripodi y Uruguay)<\/p>\n<p>\u2022Glew<\/p>\n<p>San Jorge (Ruta 210 km 34.100)<\/p>\n<p>Santa Juliana (Miguel Can\u00e9 N\u00b0104)<\/p>\n<p>\u2022Jos\u00e9 M\u00e1rmol<\/p>\n<p>Claudia (25 de Mayo N\u00b0846)<\/p>\n<p>5 Estrellas (Bynnon N\u00b03202)<\/p>\n<p>Mitre I (Mitre N\u00b02677)<\/p>\n<p>Mouzo (Bynnon N\u00b02233)<\/p>\n<p>\u2022Longchamps<\/p>\n<p>Parodi (Carlos Diehl N\u00b03000)<\/p>\n<p>Artesana (Boero N\u00b02036)<\/p>\n<p>\u2022Ministro Rivadavia<\/p>\n<p>Las Violetas (25 de Mayo N\u00b0322)<\/p>\n<p>\u2022Malvinas Argentinas<\/p>\n<p>Sol (Capit\u00e1n Moyano N\u00b02527)<\/p>\n<p>Las Torres (Madariaga N\u00b063)<\/p>\n<p>Merloc (Guatamb\u00fa y Capit\u00e1n Moyano)<\/p>\n<p>Gaspy (Algarrobo N\u00b02218)<\/p>\n<p>\u2022Rafael Calzada<\/p>\n<p>San Javier (Av. San Mart\u00edn N\u00b04245)<\/p>\n<p>Edelweiss (Av. San Mart\u00edn N\u00b03880)<\/p>\n<p>Mouzo (Col\u00f3n N\u00b03170)<\/p>\n<p>Mouzo (French y Gorriti)<\/p>\n<p>\u2022San Jos\u00e9<\/p>\n<p>Caacup\u00e9 (Amenedo N\u00b04312)<\/p>\n<p>San Agust\u00edn (Amenedo N\u00b06116)<\/p>\n<p>Maravillas (Salta N\u00b01748)<\/p>\n<p>La Rosa (La Rioja y Catamarca)<\/p>\n<p>Las Flores Porte\u00f1as (Salta N\u00b01699)<\/p>\n","protected":false},"excerpt":{"rendered":"<p>Se trata del\u00a0acuerdo\u00a0 sellado a principios de a\u00f1o con el Centro Industrial de Panaderos de Almirante Brown (C.I.P.A.B), gracias al<\/p>\n","protected":false},"author":1,"featured_media":109149,"comment_status":"closed","ping_status":"closed","sticky":false,"template":"","format":"standard","meta":{"kia_subtitle":"El Municipio de Almirante Brown inform\u00f3 que extendieron el\u00a0Acuerdo\u00a0de Precios con panader\u00edas del distrito para que las vecinas y vecinos puedan adquirir pan y facturas con un 20 por ciento de descuento.","footnotes":"","jetpack_publicize_message":"","jetpack_publicize_feature_enabled":true,"jetpack_social_post_already_shared":true,"jetpack_social_options":{"image_generator_settings":{"template":"highway","default_image_id":0,"font":"","enabled":false},"version":2}},"categories":[2,33],"tags":[],"class_list":["post-109147","post","type-post","status-publish","format-standard","has-post-thumbnail","hentry","category-alte-brown","category-alte-brown-alte-brown"],"jetpack_publicize_connections":[],"jetpack_featured_media_url":"https:\/\/laurbedigital.com.ar\/noticias\/wp-content\/uploads\/2024\/09\/20240926-Brown-acuerdo-pan-panadererias-comercio.jpg","_links":{"self":[{"href":"https:\/\/laurbedigital.com.ar\/noticias\/wp-json\/wp\/v2\/posts\/109147","targetHints":{"allow":["GET"]}}],"collection":[{"href":"https:\/\/laurbedigital.com.ar\/noticias\/wp-json\/wp\/v2\/posts"}],"about":[{"href":"https:\/\/laurbedigital.com.ar\/noticias\/wp-json\/wp\/v2\/types\/post"}],"author":[{"embeddable":true,"href":"https:\/\/laurbedigital.com.ar\/noticias\/wp-json\/wp\/v2\/users\/1"}],"replies":[{"embeddable":true,"href":"https:\/\/laurbedigital.com.ar\/noticias\/wp-json\/wp\/v2\/comments?post=109147"}],"version-history":[{"count":2,"href":"https:\/\/laurbedigital.com.ar\/noticias\/wp-json\/wp\/v2\/posts\/109147\/revisions"}],"predecessor-version":[{"id":109151,"href":"https:\/\/laurbedigital.com.ar\/noticias\/wp-json\/wp\/v2\/posts\/109147\/revisions\/109151"}],"wp:featuredmedia":[{"embeddable":true,"href":"https:\/\/laurbedigital.com.ar\/noticias\/wp-json\/wp\/v2\/media\/109149"}],"wp:attachment":[{"href":"https:\/\/laurbedigital.com.ar\/noticias\/wp-json\/wp\/v2\/media?parent=109147"}],"wp:term":[{"taxonomy":"category","embeddable":true,"href":"https:\/\/laurbedigital.com.ar\/noticias\/wp-json\/wp\/v2\/categories?post=109147"},{"taxonomy":"post_tag","embeddable":true,"href":"https:\/\/laurbedigital.com.ar\/noticias\/wp-json\/wp\/v2\/tags?post=109147"}],"curies":[{"name":"wp","href":"https:\/\/api.w.org\/{rel}","templated":true}]}}