{"id":109066,"date":"2024-09-23T23:00:58","date_gmt":"2024-09-24T02:00:58","guid":{"rendered":"https:\/\/laurbedigital.com.ar\/noticias\/?p=109066"},"modified":"2024-09-23T23:00:58","modified_gmt":"2024-09-24T02:00:58","slug":"la-caida-de-la-casa-blanca-en-netflix-accion-y-suspenso-en-un-escenario-inesperado","status":"publish","type":"post","link":"https:\/\/laurbedigital.com.ar\/noticias\/2024\/09\/23\/la-caida-de-la-casa-blanca-en-netflix-accion-y-suspenso-en-un-escenario-inesperado\/","title":{"rendered":"\u00abLa ca\u00edda de la Casa Blanca\u00bb en Netflix: acci\u00f3n y suspenso en un escenario inesperado"},"content":{"rendered":"<h4><strong>Un regreso explosivo a la pantalla<\/strong><\/h4>\n<p>Desde su estreno en cines en 2013, \u00abLa ca\u00edda de la Casa Blanca\u00bb ha capturado la atenci\u00f3n de los amantes del cine de acci\u00f3n, y ahora est\u00e1 disponible en Netflix, ofreciendo una nueva oportunidad para disfrutar de esta intensa experiencia cinematogr\u00e1fica. La plataforma de streaming se ha destacado por su variada oferta de contenido, pero pocos t\u00edtulos logran combinar acci\u00f3n y suspenso de manera tan efectiva como este.<\/p>\n<h4><strong>Sinopsis de \u00abLa ca\u00edda de la Casa Blanca\u00bb<\/strong><\/h4>\n<p>La trama gira en torno a John Cale, interpretado por Channing Tatum, un agente del Capitolio que sue\u00f1a con unirse al Servicio Secreto. Sin embargo, su vida da un giro dram\u00e1tico cuando un grupo paramilitar altamente armado toma el control de la Casa Blanca. En medio de este caos, su hija se encuentra en un paseo escolar, lo que lo impulsa a embarcarse en una misi\u00f3n desesperada: rescatar a su hija y al presidente de los Estados Unidos, interpretado por Jamie Foxx, enfrent\u00e1ndose a una amenaza que pone en peligro tanto a la naci\u00f3n como al mundo entero.<\/p>\n<h4><strong>Por qu\u00e9 no te puedes perder esta pel\u00edcula<\/strong><\/h4>\n<p>Para los aficionados a la acci\u00f3n y el suspenso, \u00abLa ca\u00edda de la Casa Blanca\u00bb ofrece escenas de alta adrenalina que se entrelazan con momentos dram\u00e1ticos, manteniendo la tensi\u00f3n desde el primer minuto. La pel\u00edcula se distingue por su habilidad para combinar un guion s\u00f3lido con secuencias visualmente impactantes, lo que promete mantener a los espectadores al borde de sus asientos.<\/p>\n<h4><strong>Un elenco destacado<\/strong><\/h4>\n<p>El filme cuenta con un elenco talentoso que incluye a:<\/p>\n<ul>\n<li><strong>Channing Tatum<\/strong> como John Cale, un h\u00e9roe inesperado en medio del caos.<\/li>\n<li><strong>Jamie Foxx<\/strong> como el presidente de los Estados Unidos, James Sawyer, cuya vida depende de la valent\u00eda de Cale.<\/li>\n<li><strong>Maggie Gyllenhaal<\/strong> en el papel de la Primera Dama, Margaret Sawyer.<\/li>\n<li><strong>Jason Clarke<\/strong> como Emil, el implacable l\u00edder del grupo terrorista.<\/li>\n<li><strong>James Woods<\/strong> como el Secretario de Defensa, Campbell.<\/li>\n<\/ul>\n<p><iframe loading=\"lazy\" title=\"La Ca\u00edda De La Casa Blanca - Tr\u00e1iler subtitulado\" src=\"https:\/\/www.youtube.com\/embed\/hQTmqiBHLAc\" width=\"790\" height=\"445\" frameborder=\"0\" allowfullscreen=\"allowfullscreen\"><\/iframe><\/p>\n<p>\u00abLa ca\u00edda de la Casa Blanca\u00bb no solo es una pel\u00edcula que resalta por su acci\u00f3n trepidante y sus giros inesperados, sino que tambi\u00e9n se convierte en un comentario sobre la seguridad nacional y la valent\u00eda en tiempos de crisis. Con su regreso a Netflix, los fan\u00e1ticos del g\u00e9nero tienen la oportunidad perfecta para experimentar esta emocionante historia que combina entretenimiento y reflexi\u00f3n. No te la pierdas.<\/p>\n","protected":false},"excerpt":{"rendered":"<p>Un regreso explosivo a la pantalla Desde su estreno en cines en 2013, \u00abLa ca\u00edda de la Casa Blanca\u00bb ha<\/p>\n","protected":false},"author":1,"featured_media":109067,"comment_status":"closed","ping_status":"closed","sticky":false,"template":"","format":"standard","meta":{"kia_subtitle":"Netflix trae de vuelta una pel\u00edcula explosiva que re\u00fane a Channing Tatum y Jamie Foxx en una trama repleta de adrenalina y giros inesperados.","footnotes":"","jetpack_publicize_message":"","jetpack_publicize_feature_enabled":true,"jetpack_social_post_already_shared":true,"jetpack_social_options":{"image_generator_settings":{"template":"highway","default_image_id":0,"font":"","enabled":false},"version":2}},"categories":[2600,68],"tags":[],"class_list":["post-109066","post","type-post","status-publish","format-standard","has-post-thumbnail","hentry","category-espectaculo","category-cine-y-series"],"jetpack_publicize_connections":[],"jetpack_featured_media_url":"https:\/\/laurbedigital.com.ar\/noticias\/wp-content\/uploads\/2024\/09\/20240924-La-caida-de-La-Casa-Blanca.jpg","_links":{"self":[{"href":"https:\/\/laurbedigital.com.ar\/noticias\/wp-json\/wp\/v2\/posts\/109066","targetHints":{"allow":["GET"]}}],"collection":[{"href":"https:\/\/laurbedigital.com.ar\/noticias\/wp-json\/wp\/v2\/posts"}],"about":[{"href":"https:\/\/laurbedigital.com.ar\/noticias\/wp-json\/wp\/v2\/types\/post"}],"author":[{"embeddable":true,"href":"https:\/\/laurbedigital.com.ar\/noticias\/wp-json\/wp\/v2\/users\/1"}],"replies":[{"embeddable":true,"href":"https:\/\/laurbedigital.com.ar\/noticias\/wp-json\/wp\/v2\/comments?post=109066"}],"version-history":[{"count":1,"href":"https:\/\/laurbedigital.com.ar\/noticias\/wp-json\/wp\/v2\/posts\/109066\/revisions"}],"predecessor-version":[{"id":109068,"href":"https:\/\/laurbedigital.com.ar\/noticias\/wp-json\/wp\/v2\/posts\/109066\/revisions\/109068"}],"wp:featuredmedia":[{"embeddable":true,"href":"https:\/\/laurbedigital.com.ar\/noticias\/wp-json\/wp\/v2\/media\/109067"}],"wp:attachment":[{"href":"https:\/\/laurbedigital.com.ar\/noticias\/wp-json\/wp\/v2\/media?parent=109066"}],"wp:term":[{"taxonomy":"category","embeddable":true,"href":"https:\/\/laurbedigital.com.ar\/noticias\/wp-json\/wp\/v2\/categories?post=109066"},{"taxonomy":"post_tag","embeddable":true,"href":"https:\/\/laurbedigital.com.ar\/noticias\/wp-json\/wp\/v2\/tags?post=109066"}],"curies":[{"name":"wp","href":"https:\/\/api.w.org\/{rel}","templated":true}]}}