{"id":108995,"date":"2024-09-21T14:59:51","date_gmt":"2024-09-21T17:59:51","guid":{"rendered":"https:\/\/laurbedigital.com.ar\/noticias\/?p=108995"},"modified":"2024-09-21T15:02:29","modified_gmt":"2024-09-21T18:02:29","slug":"alte-brown-recibe-la-primavera-con-el-concurso-de-manchas-de-glew-y-la-presentacion-de-peteco-carabajal","status":"publish","type":"post","link":"https:\/\/laurbedigital.com.ar\/noticias\/2024\/09\/21\/alte-brown-recibe-la-primavera-con-el-concurso-de-manchas-de-glew-y-la-presentacion-de-peteco-carabajal\/","title":{"rendered":"Alte Brown recibe la primavera con el Concurso de Manchas de Glew y la presentaci\u00f3n de Peteco Carabajal"},"content":{"rendered":"<div>\n<p>La actividad, con entrada libre y gratuita, arrancar\u00e1 este domingo en la Plaza San Mart\u00edn de Glew a partir de las 11 de la ma\u00f1ana, en el marco de una iniciativa organizada por el Instituto Municipal de las Culturas e instituciones locales.<\/p>\n<p>Contar\u00e1 en esta edici\u00f3n con la presencia de Irup\u00e9 Tarrago Ros y Santiago Tr\u00edo brindando shows para colorear con m\u00fasica la jornada y tambi\u00e9n un cierre de lujo a cargo del gran Peteco Carabajal.<\/p>\n<p>Tambi\u00e9n los vecinos y vecinas disfrutar\u00e1n del tradicional Concurso de Manchas inaugurado por el mism\u00edsimo Maestro Ra\u00fal Soldi en el a\u00f1o 1969, el cual tiene como objetivo fomentar la creatividad y el amor por el arte entre los m\u00e1s j\u00f3venes, en un intento de recuperar el patrimonio identitario de nuestros pueblos de Almirante Brown.<\/p>\n<p><img loading=\"lazy\" decoding=\"async\" class=\"alignnone size-full wp-image-97669\" src=\"https:\/\/laurbedigital.com.ar\/noticias\/wp-content\/uploads\/2023\/11\/20231106-Brown-Glew-Concurso-Manchas.jpg\" alt=\"\" width=\"768\" height=\"428\" title=\"\" srcset=\"https:\/\/laurbedigital.com.ar\/noticias\/wp-content\/uploads\/2023\/11\/20231106-Brown-Glew-Concurso-Manchas.jpg 768w, https:\/\/laurbedigital.com.ar\/noticias\/wp-content\/uploads\/2023\/11\/20231106-Brown-Glew-Concurso-Manchas-300x167.jpg 300w\" sizes=\"auto, (max-width: 768px) 100vw, 768px\" \/><\/p>\n<p>Adem\u00e1s, los vecinos podr\u00e1n participar de un Concurso Literario, Concurso de Vidrieras, un Challenge de Flores y un Concurso de Escuelas, entre otras propuestas art\u00edsticas todo en la misma jornada.<\/p>\n<h6><strong>\u201cLos invitamos a participar de una nueva edici\u00f3n del tradicional Concurso de Manchas que incluir\u00e1 diversas actividades art\u00edsticas y un cierre de lujo a cargo del gran Petecto Carabajal\u201d, remarc\u00f3 el intendente de Almirante Brown, Mariano Cascallares.<\/strong><\/h6>\n<\/div>\n<div class=\"yj6qo\"><\/div>\n<div class=\"adL\"><\/div>\n","protected":false},"excerpt":{"rendered":"<p>La actividad, con entrada libre y gratuita, arrancar\u00e1 este domingo en la Plaza San Mart\u00edn de Glew a partir de<\/p>\n","protected":false},"author":1,"featured_media":64714,"comment_status":"closed","ping_status":"closed","sticky":false,"template":"","format":"standard","meta":{"kia_subtitle":"El Municipio de Almirante Brown llevar\u00e1 adelante este domingo 22 de septiembre una nueva edici\u00f3n del tradicional Concurso de\u00a0Manchas\u00a0en la localidad de Glew, el cual contar\u00e1 con un cierre de lujo a cargo del reconocido m\u00fasico y cantante Peteco Carabajal.","footnotes":"","jetpack_publicize_message":"","jetpack_publicize_feature_enabled":true,"jetpack_social_post_already_shared":true,"jetpack_social_options":{"image_generator_settings":{"template":"highway","default_image_id":0,"font":"","enabled":false},"version":2}},"categories":[2,33,50],"tags":[],"class_list":["post-108995","post","type-post","status-publish","format-standard","has-post-thumbnail","hentry","category-alte-brown","category-alte-brown-alte-brown","category-glew"],"jetpack_publicize_connections":[],"jetpack_featured_media_url":"https:\/\/laurbedigital.com.ar\/noticias\/wp-content\/uploads\/2021\/11\/20211105-Brown-feria-peteco.jpg","_links":{"self":[{"href":"https:\/\/laurbedigital.com.ar\/noticias\/wp-json\/wp\/v2\/posts\/108995","targetHints":{"allow":["GET"]}}],"collection":[{"href":"https:\/\/laurbedigital.com.ar\/noticias\/wp-json\/wp\/v2\/posts"}],"about":[{"href":"https:\/\/laurbedigital.com.ar\/noticias\/wp-json\/wp\/v2\/types\/post"}],"author":[{"embeddable":true,"href":"https:\/\/laurbedigital.com.ar\/noticias\/wp-json\/wp\/v2\/users\/1"}],"replies":[{"embeddable":true,"href":"https:\/\/laurbedigital.com.ar\/noticias\/wp-json\/wp\/v2\/comments?post=108995"}],"version-history":[{"count":3,"href":"https:\/\/laurbedigital.com.ar\/noticias\/wp-json\/wp\/v2\/posts\/108995\/revisions"}],"predecessor-version":[{"id":108999,"href":"https:\/\/laurbedigital.com.ar\/noticias\/wp-json\/wp\/v2\/posts\/108995\/revisions\/108999"}],"wp:featuredmedia":[{"embeddable":true,"href":"https:\/\/laurbedigital.com.ar\/noticias\/wp-json\/wp\/v2\/media\/64714"}],"wp:attachment":[{"href":"https:\/\/laurbedigital.com.ar\/noticias\/wp-json\/wp\/v2\/media?parent=108995"}],"wp:term":[{"taxonomy":"category","embeddable":true,"href":"https:\/\/laurbedigital.com.ar\/noticias\/wp-json\/wp\/v2\/categories?post=108995"},{"taxonomy":"post_tag","embeddable":true,"href":"https:\/\/laurbedigital.com.ar\/noticias\/wp-json\/wp\/v2\/tags?post=108995"}],"curies":[{"name":"wp","href":"https:\/\/api.w.org\/{rel}","templated":true}]}}