{"id":108891,"date":"2024-09-18T00:10:30","date_gmt":"2024-09-18T03:10:30","guid":{"rendered":"https:\/\/laurbedigital.com.ar\/noticias\/?p=108891"},"modified":"2024-09-18T00:10:30","modified_gmt":"2024-09-18T03:10:30","slug":"claves-para-identificar-y-superar-el-estres-laboral","status":"publish","type":"post","link":"https:\/\/laurbedigital.com.ar\/noticias\/2024\/09\/18\/claves-para-identificar-y-superar-el-estres-laboral\/","title":{"rendered":"Claves para identificar y superar el estr\u00e9s laboral"},"content":{"rendered":"<p>El estr\u00e9s laboral es una realidad que afecta a muchos trabajadores, incluso a aquellos que disfrutan de lo que hacen. Las razones detr\u00e1s de este malestar son variadas: desde la sobrecarga de tareas hasta problemas de comunicaci\u00f3n o conflictos con compa\u00f1eros. Adem\u00e1s, la inseguridad laboral y la falta de avances profesionales agravan la situaci\u00f3n para muchos empleados.<\/p>\n<h4><strong>Causas del estr\u00e9s laboral<\/strong><\/h4>\n<p>Entre las causas m\u00e1s comunes se encuentran:<\/p>\n<ul>\n<li><strong>Carga de trabajo excesiva<\/strong>: Horarios extendidos y la falta de descanso generan un agotamiento f\u00edsico y mental que afecta el rendimiento.<\/li>\n<li><strong>Funciones mal definidas<\/strong>: No tener claridad sobre las responsabilidades o asumir tareas que no corresponden incrementa el nivel de ansiedad.<\/li>\n<li><strong>Condiciones laborales adversas<\/strong>: Trabajar en ambientes ruidosos, peligrosos o bajo presi\u00f3n constante pone en riesgo la salud.<\/li>\n<li><strong>Problemas con la gerencia<\/strong>: Falta de participaci\u00f3n en la toma de decisiones o pol\u00edticas poco claras provocan frustraci\u00f3n en el equipo.<\/li>\n<li><strong>Conflictos interpersonales<\/strong>: Las tensiones con jefes o colegas afectan el clima laboral y la calidad del trabajo.<\/li>\n<li><strong>Inseguridad laboral<\/strong>: El temor a despidos o la falta de oportunidades de crecimiento genera incertidumbre.<\/li>\n<\/ul>\n<h4><strong>Impacto en la salud<\/strong><\/h4>\n<p>El estr\u00e9s no solo se limita al \u00e1mbito laboral, tambi\u00e9n puede tener graves repercusiones en la salud f\u00edsica y mental, tales como:<\/p>\n<ul>\n<li><strong>Problemas card\u00edacos<\/strong>: El estr\u00e9s prolongado puede aumentar el riesgo de enfermedades cardiovasculares.<\/li>\n<li><strong>Dolores cr\u00f3nicos<\/strong>: El dolor de espalda o las tensiones musculares son respuestas f\u00edsicas comunes.<\/li>\n<li><strong>Depresi\u00f3n y agotamiento<\/strong>: La falta de motivaci\u00f3n y la tristeza prolongada son signos de agotamiento emocional.<\/li>\n<li><strong>Problemas inmunol\u00f3gicos<\/strong>: El estr\u00e9s debilita el sistema inmunitario, aumentando la vulnerabilidad a enfermedades.<\/li>\n<\/ul>\n<p>Adem\u00e1s, afecta las relaciones personales, provocando conflictos y tensiones fuera del entorno laboral.<\/p>\n<h4><strong>Estrategias para superar el estr\u00e9s<\/strong><\/h4>\n<p>Para hacer frente al estr\u00e9s laboral, es esencial implementar h\u00e1bitos que promuevan el bienestar:<\/p>\n<ul>\n<li><strong>Pausas regulares<\/strong>: Despejar la mente con peque\u00f1os descansos mejora la concentraci\u00f3n.<\/li>\n<li><strong>Definir responsabilidades<\/strong>: Aclarar las funciones ayuda a reducir la confusi\u00f3n y la sobrecarga.<\/li>\n<li><strong>Metas alcanzables<\/strong>: Aprender a decir \u00abno\u00bb y aceptar solo lo que se puede manejar es clave para evitar el agotamiento.<\/li>\n<li><strong>Uso limitado de la tecnolog\u00eda<\/strong>: Desconectarse fuera del horario laboral es vital para mantener el equilibrio entre trabajo y vida personal.<\/li>\n<li><strong>Comunicaci\u00f3n abierta<\/strong>: Dialogar con la gerencia sobre problemas laborales o condiciones inseguras evita el malestar.<\/li>\n<li><strong>Organizaci\u00f3n del tiempo<\/strong>: Establecer prioridades y mantener listas de tareas permite un mejor manejo de las responsabilidades.<\/li>\n<li><strong>Actividades recreativas<\/strong>: Dedicarse a actividades placenteras fuera del trabajo mejora el estado de \u00e1nimo y reduce el estr\u00e9s.<\/li>\n<\/ul>\n<p>Si es necesario, buscar apoyo profesional o utilizar los recursos que ofrece la empresa, como programas de asistencia al empleado, tambi\u00e9n puede marcar una gran diferencia.<\/p>\n","protected":false},"excerpt":{"rendered":"<p>El estr\u00e9s laboral es una realidad que afecta a muchos trabajadores, incluso a aquellos que disfrutan de lo que hacen.<\/p>\n","protected":false},"author":1,"featured_media":108892,"comment_status":"closed","ping_status":"closed","sticky":false,"template":"","format":"standard","meta":{"kia_subtitle":"El estr\u00e9s en el trabajo puede afectar gravemente tu bienestar f\u00edsico y emocional. Descubre las principales causas y aprende a enfrentarlo con estrategias simples y efectivas.","footnotes":"","jetpack_publicize_message":"","jetpack_publicize_feature_enabled":true,"jetpack_social_post_already_shared":true,"jetpack_social_options":{"image_generator_settings":{"template":"highway","default_image_id":0,"font":"","enabled":false},"version":2}},"categories":[15,70],"tags":[],"class_list":["post-108891","post","type-post","status-publish","format-standard","has-post-thumbnail","hentry","category-tendencias","category-salud"],"jetpack_publicize_connections":[],"jetpack_featured_media_url":"https:\/\/laurbedigital.com.ar\/noticias\/wp-content\/uploads\/2024\/09\/20240918-estres-laboral.jpg","_links":{"self":[{"href":"https:\/\/laurbedigital.com.ar\/noticias\/wp-json\/wp\/v2\/posts\/108891","targetHints":{"allow":["GET"]}}],"collection":[{"href":"https:\/\/laurbedigital.com.ar\/noticias\/wp-json\/wp\/v2\/posts"}],"about":[{"href":"https:\/\/laurbedigital.com.ar\/noticias\/wp-json\/wp\/v2\/types\/post"}],"author":[{"embeddable":true,"href":"https:\/\/laurbedigital.com.ar\/noticias\/wp-json\/wp\/v2\/users\/1"}],"replies":[{"embeddable":true,"href":"https:\/\/laurbedigital.com.ar\/noticias\/wp-json\/wp\/v2\/comments?post=108891"}],"version-history":[{"count":1,"href":"https:\/\/laurbedigital.com.ar\/noticias\/wp-json\/wp\/v2\/posts\/108891\/revisions"}],"predecessor-version":[{"id":108894,"href":"https:\/\/laurbedigital.com.ar\/noticias\/wp-json\/wp\/v2\/posts\/108891\/revisions\/108894"}],"wp:featuredmedia":[{"embeddable":true,"href":"https:\/\/laurbedigital.com.ar\/noticias\/wp-json\/wp\/v2\/media\/108892"}],"wp:attachment":[{"href":"https:\/\/laurbedigital.com.ar\/noticias\/wp-json\/wp\/v2\/media?parent=108891"}],"wp:term":[{"taxonomy":"category","embeddable":true,"href":"https:\/\/laurbedigital.com.ar\/noticias\/wp-json\/wp\/v2\/categories?post=108891"},{"taxonomy":"post_tag","embeddable":true,"href":"https:\/\/laurbedigital.com.ar\/noticias\/wp-json\/wp\/v2\/tags?post=108891"}],"curies":[{"name":"wp","href":"https:\/\/api.w.org\/{rel}","templated":true}]}}