{"id":108811,"date":"2024-09-14T21:28:02","date_gmt":"2024-09-15T00:28:02","guid":{"rendered":"https:\/\/laurbedigital.com.ar\/noticias\/?p=108811"},"modified":"2024-09-14T21:28:29","modified_gmt":"2024-09-15T00:28:29","slug":"5-de-septiembre-dia-internacional-de-la-democracia-un-recordatorio-de-los-valores-esenciales","status":"publish","type":"post","link":"https:\/\/laurbedigital.com.ar\/noticias\/2024\/09\/14\/5-de-septiembre-dia-internacional-de-la-democracia-un-recordatorio-de-los-valores-esenciales\/","title":{"rendered":"15 de septiembre: D\u00eda Internacional de la Democracia, un recordatorio de los valores esenciales"},"content":{"rendered":"<p>El 15 de septiembre se conmemora el D\u00eda Internacional de la Democracia, una fecha que resalta el valor de los derechos, libertades y la participaci\u00f3n ciudadana en la construcci\u00f3n de un gobierno representativo. En un mundo donde las amenazas a la democracia son crecientes, esta jornada invita a reflexionar sobre los principios fundamentales y los retos que enfrenta este sistema en todo el mundo.<\/p>\n<p>La democracia, como sistema de gobierno, se caracteriza por ser inclusiva, representativa y participativa, permitiendo a las personas ejercer su derecho al voto y participar en la toma de decisiones que afectan sus vidas. Sin embargo, a pesar de su importancia, no est\u00e1 libre de desaf\u00edos. En muchos pa\u00edses, la democracia se encuentra bajo presi\u00f3n por la creciente polarizaci\u00f3n, la desinformaci\u00f3n, la corrupci\u00f3n y la falta de confianza en las instituciones. El D\u00eda Internacional de la Democracia se convierte, as\u00ed, en un espacio para recordar que este sistema no es est\u00e1tico ni garantizado; necesita ser fortalecido y protegido constantemente.<\/p>\n<p>Uno de los pilares fundamentales de la democracia es la libertad de expresi\u00f3n y de prensa. Los medios de comunicaci\u00f3n juegan un rol crucial en la difusi\u00f3n de informaci\u00f3n objetiva y verificada, siendo una herramienta esencial para mantener informada a la ciudadan\u00eda y asegurar la transparencia gubernamental. Sin embargo, en muchos lugares, la libertad de prensa es atacada, limitando el acceso a informaci\u00f3n veraz y debilitando uno de los componentes clave para el funcionamiento democr\u00e1tico.<\/p>\n<p>Otro aspecto que se destaca en esta fecha es la importancia de la participaci\u00f3n ciudadana. La democracia no se limita al acto de votar; implica tambi\u00e9n el involucramiento de las personas en la vida p\u00fablica, la rendici\u00f3n de cuentas y la vigilancia activa del poder. En las \u00faltimas d\u00e9cadas, las democracias han enfrentado el desaf\u00edo de la apat\u00eda pol\u00edtica, especialmente entre los j\u00f3venes. Las redes sociales, si bien pueden ser una herramienta para el debate y la organizaci\u00f3n ciudadana, tambi\u00e9n han contribuido a la polarizaci\u00f3n y a la difusi\u00f3n de noticias falsas, lo que afecta la calidad de las democracias.<\/p>\n<p>Los organismos internacionales, como la Organizaci\u00f3n de las Naciones Unidas (ONU), aprovechan esta fecha para promover iniciativas que buscan fortalecer la democracia, destacando la necesidad de crear instituciones transparentes, promover elecciones libres y justas, y garantizar la participaci\u00f3n de todos los sectores de la sociedad, especialmente de aquellos que hist\u00f3ricamente han sido marginados.<\/p>\n","protected":false},"excerpt":{"rendered":"<p>El 15 de septiembre se conmemora el D\u00eda Internacional de la Democracia, una fecha que resalta el valor de los<\/p>\n","protected":false},"author":1,"featured_media":19638,"comment_status":"closed","ping_status":"closed","sticky":false,"template":"","format":"standard","meta":{"kia_subtitle":"El D\u00eda Internacional de la Democracia celebra la importancia de este sistema pol\u00edtico y los desaf\u00edos que enfrenta en la actualidad.","footnotes":"","jetpack_publicize_message":"","jetpack_publicize_feature_enabled":true,"jetpack_social_post_already_shared":true,"jetpack_social_options":{"image_generator_settings":{"template":"highway","default_image_id":0,"font":"","enabled":false},"version":2}},"categories":[5,2594],"tags":[],"class_list":["post-108811","post","type-post","status-publish","format-standard","has-post-thumbnail","hentry","category-cultura","category-efemerides"],"jetpack_publicize_connections":[],"jetpack_featured_media_url":"https:\/\/laurbedigital.com.ar\/noticias\/wp-content\/uploads\/2019\/10\/20191027-nac.jpg","_links":{"self":[{"href":"https:\/\/laurbedigital.com.ar\/noticias\/wp-json\/wp\/v2\/posts\/108811","targetHints":{"allow":["GET"]}}],"collection":[{"href":"https:\/\/laurbedigital.com.ar\/noticias\/wp-json\/wp\/v2\/posts"}],"about":[{"href":"https:\/\/laurbedigital.com.ar\/noticias\/wp-json\/wp\/v2\/types\/post"}],"author":[{"embeddable":true,"href":"https:\/\/laurbedigital.com.ar\/noticias\/wp-json\/wp\/v2\/users\/1"}],"replies":[{"embeddable":true,"href":"https:\/\/laurbedigital.com.ar\/noticias\/wp-json\/wp\/v2\/comments?post=108811"}],"version-history":[{"count":3,"href":"https:\/\/laurbedigital.com.ar\/noticias\/wp-json\/wp\/v2\/posts\/108811\/revisions"}],"predecessor-version":[{"id":108814,"href":"https:\/\/laurbedigital.com.ar\/noticias\/wp-json\/wp\/v2\/posts\/108811\/revisions\/108814"}],"wp:featuredmedia":[{"embeddable":true,"href":"https:\/\/laurbedigital.com.ar\/noticias\/wp-json\/wp\/v2\/media\/19638"}],"wp:attachment":[{"href":"https:\/\/laurbedigital.com.ar\/noticias\/wp-json\/wp\/v2\/media?parent=108811"}],"wp:term":[{"taxonomy":"category","embeddable":true,"href":"https:\/\/laurbedigital.com.ar\/noticias\/wp-json\/wp\/v2\/categories?post=108811"},{"taxonomy":"post_tag","embeddable":true,"href":"https:\/\/laurbedigital.com.ar\/noticias\/wp-json\/wp\/v2\/tags?post=108811"}],"curies":[{"name":"wp","href":"https:\/\/api.w.org\/{rel}","templated":true}]}}