{"id":108674,"date":"2024-09-11T02:15:44","date_gmt":"2024-09-11T05:15:44","guid":{"rendered":"https:\/\/laurbedigital.com.ar\/noticias\/?p=108674"},"modified":"2024-09-11T02:15:44","modified_gmt":"2024-09-11T05:15:44","slug":"glaciares-andinos-en-peligro-cientificos-alertan-sobre-un-punto-de-no-retorno","status":"publish","type":"post","link":"https:\/\/laurbedigital.com.ar\/noticias\/2024\/09\/11\/glaciares-andinos-en-peligro-cientificos-alertan-sobre-un-punto-de-no-retorno\/","title":{"rendered":"Glaciares andinos en peligro: cient\u00edficos alertan sobre un punto de no retorno"},"content":{"rendered":"<p>El retroceso de los glaciares en la Cordillera de los Andes ha llegado a niveles alarmantes, y los cient\u00edficos temen que pronto se alcance un punto de no retorno. El doctor Juan Rivera, investigador del Conicet y experto en Ciencias de la Atm\u00f3sfera y los Oc\u00e9anos, se\u00f1al\u00f3 que los glaciares andinos han experimentado una notable reducci\u00f3n en su tama\u00f1o desde 2010, producto de la disminuci\u00f3n de nevadas y el aumento de las temperaturas. En di\u00e1logo con el medio tn, Rivera advirti\u00f3 que, si el calentamiento global contin\u00faa al ritmo actual, \u00ablos glaciares no podr\u00e1n recuperarse como los conocimos en el pasado\u00bb.<\/p>\n<p>El impacto del deshielo no solo se limita a los glaciares. La reducci\u00f3n de estos gigantes helados ya est\u00e1 afectando los recursos h\u00eddricos de regiones cr\u00edticas como Cuyo y el norte de la Patagonia, donde el agua de los glaciares es esencial para el abastecimiento de r\u00edos y acu\u00edferos. Rivera, quien recientemente recibi\u00f3 el Premio Est\u00edmulo de la Fundaci\u00f3n Bunge y Born, destac\u00f3 que la escasez de agua proyectada para las pr\u00f3ximas d\u00e9cadas podr\u00eda comprometer seriamente el desarrollo socioecon\u00f3mico de estas regiones. \u00abEstamos consumiendo las reservas de agua para las futuras generaciones\u00bb, alert\u00f3.<\/p>\n<p>Rivera tambi\u00e9n form\u00f3 parte de un equipo internacional que estudi\u00f3 las olas de calor extremas registradas en Argentina durante el verano de 2023, un fen\u00f3meno que, seg\u00fan los expertos, tiene una probabilidad 60 veces mayor debido a las actividades humanas, como la quema de combustibles f\u00f3siles. Estas olas de calor no solo aumentan la temperatura de la atm\u00f3sfera, sino que tambi\u00e9n aceleran el derretimiento de hielo y nieve en la cordillera, agravando a\u00fan m\u00e1s la situaci\u00f3n de los glaciares y modificando la hidrolog\u00eda de la regi\u00f3n de manera preocupante.<\/p>\n<p>El investigador subray\u00f3 la necesidad de una acci\u00f3n regional coordinada, ya que las condiciones clim\u00e1ticas extremas no respetan fronteras y tienen impactos diferenciados en cada zona. Sin embargo, el mensaje de Rivera es claro: reducir las emisiones de gases de efecto invernadero es crucial para evitar que los glaciares de los Andes lleguen a un punto de no retorno. \u00abSin un cambio dr\u00e1stico en las pol\u00edticas ambientales y energ\u00e9ticas, corremos el riesgo de perder estos valiosos recursos naturales para siempre\u00bb, concluy\u00f3.<\/p>\n","protected":false},"excerpt":{"rendered":"<p>El retroceso de los glaciares en la Cordillera de los Andes ha llegado a niveles alarmantes, y los cient\u00edficos temen<\/p>\n","protected":false},"author":1,"featured_media":108675,"comment_status":"closed","ping_status":"closed","sticky":false,"template":"","format":"standard","meta":{"kia_subtitle":"Investigadores del Conicet advierten que los glaciares de la Cordillera de los Andes enfrentan una p\u00e9rdida irreversible si no se toman medidas urgentes para reducir las emisiones de gases de efecto invernadero y limitar el calentamiento global.","footnotes":"","jetpack_publicize_message":"","jetpack_publicize_feature_enabled":true,"jetpack_social_post_already_shared":true,"jetpack_social_options":{"image_generator_settings":{"template":"highway","default_image_id":0,"font":"","enabled":false},"version":2}},"categories":[15,2589],"tags":[],"class_list":["post-108674","post","type-post","status-publish","format-standard","has-post-thumbnail","hentry","category-tendencias","category-medio-ambiente-tendencias"],"jetpack_publicize_connections":[],"jetpack_featured_media_url":"https:\/\/laurbedigital.com.ar\/noticias\/wp-content\/uploads\/2024\/09\/20240911-Glaciar-e1726031730575.jpg","_links":{"self":[{"href":"https:\/\/laurbedigital.com.ar\/noticias\/wp-json\/wp\/v2\/posts\/108674","targetHints":{"allow":["GET"]}}],"collection":[{"href":"https:\/\/laurbedigital.com.ar\/noticias\/wp-json\/wp\/v2\/posts"}],"about":[{"href":"https:\/\/laurbedigital.com.ar\/noticias\/wp-json\/wp\/v2\/types\/post"}],"author":[{"embeddable":true,"href":"https:\/\/laurbedigital.com.ar\/noticias\/wp-json\/wp\/v2\/users\/1"}],"replies":[{"embeddable":true,"href":"https:\/\/laurbedigital.com.ar\/noticias\/wp-json\/wp\/v2\/comments?post=108674"}],"version-history":[{"count":1,"href":"https:\/\/laurbedigital.com.ar\/noticias\/wp-json\/wp\/v2\/posts\/108674\/revisions"}],"predecessor-version":[{"id":108676,"href":"https:\/\/laurbedigital.com.ar\/noticias\/wp-json\/wp\/v2\/posts\/108674\/revisions\/108676"}],"wp:featuredmedia":[{"embeddable":true,"href":"https:\/\/laurbedigital.com.ar\/noticias\/wp-json\/wp\/v2\/media\/108675"}],"wp:attachment":[{"href":"https:\/\/laurbedigital.com.ar\/noticias\/wp-json\/wp\/v2\/media?parent=108674"}],"wp:term":[{"taxonomy":"category","embeddable":true,"href":"https:\/\/laurbedigital.com.ar\/noticias\/wp-json\/wp\/v2\/categories?post=108674"},{"taxonomy":"post_tag","embeddable":true,"href":"https:\/\/laurbedigital.com.ar\/noticias\/wp-json\/wp\/v2\/tags?post=108674"}],"curies":[{"name":"wp","href":"https:\/\/api.w.org\/{rel}","templated":true}]}}