{"id":108637,"date":"2024-09-09T22:05:28","date_gmt":"2024-09-10T01:05:28","guid":{"rendered":"https:\/\/laurbedigital.com.ar\/noticias\/?p=108637"},"modified":"2024-09-09T22:05:28","modified_gmt":"2024-09-10T01:05:28","slug":"desplome-del-empleo-formal-privado-diez-meses-de-caida-sostenida","status":"publish","type":"post","link":"https:\/\/laurbedigital.com.ar\/noticias\/2024\/09\/09\/desplome-del-empleo-formal-privado-diez-meses-de-caida-sostenida\/","title":{"rendered":"Desplome del empleo formal privado: diez meses de ca\u00edda sostenida"},"content":{"rendered":"<p>La Secretar\u00eda de Trabajo inform\u00f3 que, en junio, el empleo registrado aument\u00f3 un 0,1% debido a la incorporaci\u00f3n de m\u00e1s de 40 mil trabajadores independientes con monotributo, lo que compens\u00f3 parcialmente la baja de 12.600 asalariados formales del sector privado. Sin embargo, esta ligera suba no logra revertir la tendencia a la baja en el empleo asalariado formal, que lleva diez meses consecutivos de ca\u00edda.<\/p>\n<p>Los n\u00fameros del SIPA reflejan una alarmante precarizaci\u00f3n del mercado laboral, con una continua disminuci\u00f3n de trabajadores formales y un crecimiento sostenido de los monotributistas. En junio de 2024, la situaci\u00f3n se agrav\u00f3 a\u00fan m\u00e1s, con un sector privado que sigue perdiendo puestos de trabajo formales, mientras que el empleo p\u00fablico se mantuvo relativamente estable en comparaci\u00f3n con mayo del mismo a\u00f1o.<\/p>\n<p>Desde la asunci\u00f3n del Gobierno de La Libertad Avanza, el panorama laboral ha mostrado un deterioro significativo: en los primeros siete meses de su gesti\u00f3n se registr\u00f3 una p\u00e9rdida total de 182.500 empleos en el sector formal, incluyendo empleados privados, p\u00fablicos y trabajadores de casas particulares. Este n\u00famero se eleva a 204.100 si se toma en cuenta desde agosto del a\u00f1o pasado, lo cual indica un marcado declive en la estabilidad laboral en el pa\u00eds.<\/p>\n<p>En contraste, el n\u00famero de monotributistas contin\u00faa en alza, con un incremento de 164.500 desde noviembre del a\u00f1o pasado y 191.000 por encima de la cifra de agosto de 2023. Este aumento sugiere un desplazamiento hacia formas de trabajo menos protegidas y con menor estabilidad, en detrimento del empleo asalariado tradicional.<\/p>\n<p>El panorama actual plantea serios desaf\u00edos para el mercado laboral argentino, con una creciente precarizaci\u00f3n que afecta tanto a los trabajadores como a la econom\u00eda en general. La disminuci\u00f3n constante del empleo formal privado no solo refleja un deterioro en las condiciones laborales, sino tambi\u00e9n una falta de confianza en la capacidad del mercado para generar empleos de calidad y con derechos plenos.<\/p>\n<p>Es crucial que las pol\u00edticas p\u00fablicas enfoquen sus esfuerzos en revertir esta tendencia y promuevan la creaci\u00f3n de empleo formal y sostenible, con condiciones dignas para todos los trabajadores. Solo as\u00ed se podr\u00e1 enfrentar la creciente inestabilidad que afecta al mercado laboral y garantizar un futuro m\u00e1s seguro para millones de argentinos que hoy ven comprometida su calidad de vida.<\/p>\n","protected":false},"excerpt":{"rendered":"<p>La Secretar\u00eda de Trabajo inform\u00f3 que, en junio, el empleo registrado aument\u00f3 un 0,1% debido a la incorporaci\u00f3n de m\u00e1s<\/p>\n","protected":false},"author":1,"featured_media":108634,"comment_status":"closed","ping_status":"closed","sticky":false,"template":"","format":"standard","meta":{"kia_subtitle":"El empleo asalariado formal en el sector privado sigue en descenso. Seg\u00fan datos del Sistema Integrado Previsional Argentino (SIPA), m\u00e1s de 200 mil puestos laborales se perdieron en los \u00faltimos meses, mientras que creci\u00f3 la cantidad de trabajadores monotributistas.","footnotes":"","jetpack_publicize_message":"","jetpack_publicize_feature_enabled":true,"jetpack_social_post_already_shared":true,"jetpack_social_options":{"image_generator_settings":{"template":"highway","default_image_id":0,"font":"","enabled":false},"version":2}},"categories":[3,41],"tags":[],"class_list":["post-108637","post","type-post","status-publish","format-standard","has-post-thumbnail","hentry","category-actualidad","category-nacionales"],"jetpack_publicize_connections":[],"jetpack_featured_media_url":"https:\/\/laurbedigital.com.ar\/noticias\/wp-content\/uploads\/2024\/09\/20240910-trabajo-empleo-actividad.jpg","_links":{"self":[{"href":"https:\/\/laurbedigital.com.ar\/noticias\/wp-json\/wp\/v2\/posts\/108637","targetHints":{"allow":["GET"]}}],"collection":[{"href":"https:\/\/laurbedigital.com.ar\/noticias\/wp-json\/wp\/v2\/posts"}],"about":[{"href":"https:\/\/laurbedigital.com.ar\/noticias\/wp-json\/wp\/v2\/types\/post"}],"author":[{"embeddable":true,"href":"https:\/\/laurbedigital.com.ar\/noticias\/wp-json\/wp\/v2\/users\/1"}],"replies":[{"embeddable":true,"href":"https:\/\/laurbedigital.com.ar\/noticias\/wp-json\/wp\/v2\/comments?post=108637"}],"version-history":[{"count":1,"href":"https:\/\/laurbedigital.com.ar\/noticias\/wp-json\/wp\/v2\/posts\/108637\/revisions"}],"predecessor-version":[{"id":108638,"href":"https:\/\/laurbedigital.com.ar\/noticias\/wp-json\/wp\/v2\/posts\/108637\/revisions\/108638"}],"wp:featuredmedia":[{"embeddable":true,"href":"https:\/\/laurbedigital.com.ar\/noticias\/wp-json\/wp\/v2\/media\/108634"}],"wp:attachment":[{"href":"https:\/\/laurbedigital.com.ar\/noticias\/wp-json\/wp\/v2\/media?parent=108637"}],"wp:term":[{"taxonomy":"category","embeddable":true,"href":"https:\/\/laurbedigital.com.ar\/noticias\/wp-json\/wp\/v2\/categories?post=108637"},{"taxonomy":"post_tag","embeddable":true,"href":"https:\/\/laurbedigital.com.ar\/noticias\/wp-json\/wp\/v2\/tags?post=108637"}],"curies":[{"name":"wp","href":"https:\/\/api.w.org\/{rel}","templated":true}]}}