{"id":108547,"date":"2024-09-06T22:31:59","date_gmt":"2024-09-07T01:31:59","guid":{"rendered":"https:\/\/laurbedigital.com.ar\/noticias\/?p=108547"},"modified":"2024-09-06T22:31:59","modified_gmt":"2024-09-07T01:31:59","slug":"edenor-y-edesur-advierten-mas-cortes-de-luz-por-falta-de-inversion","status":"publish","type":"post","link":"https:\/\/laurbedigital.com.ar\/noticias\/2024\/09\/06\/edenor-y-edesur-advierten-mas-cortes-de-luz-por-falta-de-inversion\/","title":{"rendered":"Edenor y Edesur advierten m\u00e1s cortes de luz por falta de inversi\u00f3n"},"content":{"rendered":"<p>Edenor, Edesur y Edelap han lanzado una alerta sobre un posible incremento en los cortes de luz en el \u00c1rea Metropolitana de Buenos Aires (AMBA) durante el verano. Las distribuidoras atribuyen esta situaci\u00f3n a la falta de inversiones y a la suspensi\u00f3n de proyectos clave bajo el gobierno de Javier Milei.<\/p>\n<p>Con la llegada del calor estival y el aumento en la demanda energ\u00e9tica, las empresas del sector el\u00e9ctrico anticipan un escenario complejo. Desde septiembre, las tarifas de electricidad han subido un 6%, acumulando un total del 75% desde que Milei asumi\u00f3 la presidencia. Este incremento ha causado un aumento en la morosidad de los usuarios y en el robo de energ\u00eda. Un gerente de Edenor se\u00f1al\u00f3: \u201cSabemos que va a aumentar la morosidad y el robo de energ\u00eda por el aumento de facturas. Los incrementos son altos y no todos pueden pagarlos\u201d.<\/p>\n<p>El principal problema radica en la eliminaci\u00f3n de subsidios, que ha incrementado las tarifas sin mejorar significativamente los ingresos de las empresas. En Edesur, solo el 27% de lo que pagan los usuarios llega a la empresa, de lo cual el 60% se destina a salarios. Esta situaci\u00f3n genera malestar en las oficinas de las compa\u00f1\u00edas, donde se preparan para un verano desafiante.<\/p>\n<p>La falta de inversi\u00f3n en proyectos de generaci\u00f3n energ\u00e9tica es un factor clave en esta crisis. Seg\u00fan los ejecutivos de Edenor y Edesur, la cancelaci\u00f3n de contratos para ampliar centrales termoel\u00e9ctricas ha resultado en la p\u00e9rdida de 3.340 megavatios de potencia, un 7% adicional a lo que se produce actualmente. Esto deja a las empresas en una situaci\u00f3n cr\u00edtica para cubrir la creciente demanda de energ\u00eda durante los meses de calor.<\/p>\n<p>Si las temperaturas alcanzan los 40\u00b0C por varios d\u00edas consecutivos, como se prev\u00e9, las distribuidoras anticipan cortes de suministro el\u00e9ctrico comparables o incluso peores que los del verano anterior. \u00abTenemos los ca\u00f1os para que circule el agua, pero hay poco bombeo\u00bb, ejemplific\u00f3 un gerente de Edenor, refiri\u00e9ndose a la falta de capacidad para generar suficiente energ\u00eda.<\/p>\n<p>Las distribuidoras advierten que el escenario para este verano es preocupante y que los cortes de luz podr\u00edan ser generalizados si no se toman medidas urgentes. Con una demanda creciente y la falta de inversiones estructurales, los usuarios del AMBA se enfrentan a meses de interrupciones en el servicio el\u00e9ctrico. Las compa\u00f1\u00edas apuntan al gobierno de Javier Milei como responsable de esta situaci\u00f3n, debido a la cancelaci\u00f3n de proyectos que habr\u00edan mejorado la capacidad energ\u00e9tica del pa\u00eds.<\/p>\n","protected":false},"excerpt":{"rendered":"<p>Edenor, Edesur y Edelap han lanzado una alerta sobre un posible incremento en los cortes de luz en el \u00c1rea<\/p>\n","protected":false},"author":1,"featured_media":22240,"comment_status":"closed","ping_status":"closed","sticky":false,"template":"","format":"standard","meta":{"kia_subtitle":"Las distribuidoras de electricidad anticipan un verano con m\u00e1s cortes de luz debido a la suspensi\u00f3n de obras energ\u00e9ticas y el aumento de tarifas.","footnotes":"","jetpack_publicize_message":"","jetpack_publicize_feature_enabled":true,"jetpack_social_post_already_shared":true,"jetpack_social_options":{"image_generator_settings":{"template":"highway","default_image_id":0,"font":"","enabled":false},"version":2}},"categories":[13],"tags":[],"class_list":["post-108547","post","type-post","status-publish","format-standard","has-post-thumbnail","hentry","category-region"],"jetpack_publicize_connections":[],"jetpack_featured_media_url":"https:\/\/laurbedigital.com.ar\/noticias\/wp-content\/uploads\/2020\/02\/20200207-actualidad-cortes-de-luz-00003.jpg","_links":{"self":[{"href":"https:\/\/laurbedigital.com.ar\/noticias\/wp-json\/wp\/v2\/posts\/108547","targetHints":{"allow":["GET"]}}],"collection":[{"href":"https:\/\/laurbedigital.com.ar\/noticias\/wp-json\/wp\/v2\/posts"}],"about":[{"href":"https:\/\/laurbedigital.com.ar\/noticias\/wp-json\/wp\/v2\/types\/post"}],"author":[{"embeddable":true,"href":"https:\/\/laurbedigital.com.ar\/noticias\/wp-json\/wp\/v2\/users\/1"}],"replies":[{"embeddable":true,"href":"https:\/\/laurbedigital.com.ar\/noticias\/wp-json\/wp\/v2\/comments?post=108547"}],"version-history":[{"count":2,"href":"https:\/\/laurbedigital.com.ar\/noticias\/wp-json\/wp\/v2\/posts\/108547\/revisions"}],"predecessor-version":[{"id":108549,"href":"https:\/\/laurbedigital.com.ar\/noticias\/wp-json\/wp\/v2\/posts\/108547\/revisions\/108549"}],"wp:featuredmedia":[{"embeddable":true,"href":"https:\/\/laurbedigital.com.ar\/noticias\/wp-json\/wp\/v2\/media\/22240"}],"wp:attachment":[{"href":"https:\/\/laurbedigital.com.ar\/noticias\/wp-json\/wp\/v2\/media?parent=108547"}],"wp:term":[{"taxonomy":"category","embeddable":true,"href":"https:\/\/laurbedigital.com.ar\/noticias\/wp-json\/wp\/v2\/categories?post=108547"},{"taxonomy":"post_tag","embeddable":true,"href":"https:\/\/laurbedigital.com.ar\/noticias\/wp-json\/wp\/v2\/tags?post=108547"}],"curies":[{"name":"wp","href":"https:\/\/api.w.org\/{rel}","templated":true}]}}