{"id":108484,"date":"2024-09-05T02:46:00","date_gmt":"2024-09-05T05:46:00","guid":{"rendered":"https:\/\/laurbedigital.com.ar\/noticias\/?p=108484"},"modified":"2024-09-05T02:46:00","modified_gmt":"2024-09-05T05:46:00","slug":"crisis-social-en-argentina-la-pobreza-supera-el-52-en-el-primer-semestre-de-2024","status":"publish","type":"post","link":"https:\/\/laurbedigital.com.ar\/noticias\/2024\/09\/05\/crisis-social-en-argentina-la-pobreza-supera-el-52-en-el-primer-semestre-de-2024\/","title":{"rendered":"Crisis social en Argentina: la pobreza supera el 52% en el primer semestre de 2024"},"content":{"rendered":"<p>La pobreza en Argentina alcanz\u00f3 al 52% de la poblaci\u00f3n durante el primer semestre de 2024, seg\u00fan un informe del Observatorio de la Deuda Social Argentina (ODSA) de la Universidad Cat\u00f3lica Argentina (UCA). Este es el nivel m\u00e1s alto registrado desde 2004, reflejando un preocupante panorama social y econ\u00f3mico para el pa\u00eds. Adem\u00e1s, la indigencia afect\u00f3 al 17,9% de la poblaci\u00f3n, increment\u00e1ndose seis puntos porcentuales respecto al \u00faltimo informe del Instituto Nacional de Estad\u00edstica y Censos (Indec) de 2023.<\/p>\n<p>Los datos del informe revelan un promedio entre el primer trimestre del a\u00f1o, cuando la pobreza alcanz\u00f3 el 54,9% y la indigencia el 20,3%, y el segundo trimestre, en el que ambos indicadores mostraron una leve mejor\u00eda, situ\u00e1ndose en 49,4% y 15,9%, respectivamente. Agust\u00edn Salvia, director del ODSA, describi\u00f3 la situaci\u00f3n como \u00abgrave\u00bb pero aclar\u00f3 que a\u00fan no alcanza los niveles cr\u00edticos de la crisis de 2001-2002, dado que el desempleo actual no es tan elevado como en aquel entonces.<\/p>\n<p>Salvia identific\u00f3 dos factores clave que explican el alto nivel de pobreza: la p\u00e9rdida de empleos en el sector informal y los bajos salarios en el sector privado formal. Actualmente, alrededor del 50% de los trabajadores gana considerablemente menos que la Canasta B\u00e1sica Total (CBT), que en julio alcanz\u00f3 los $900.648, con un aumento acumulado del 81,7% en lo que va del a\u00f1o.<\/p>\n<p><strong>Causas y perspectivas de la pobreza en Argentina<\/strong><\/p>\n<p>Un informe de UNICEF agreg\u00f3 que el 48% de los hogares argentinos no cuenta con ingresos suficientes para cubrir los gastos mensuales, lo que representa un incremento de 7 puntos respecto al a\u00f1o anterior y de 15 en comparaci\u00f3n con 2022. Se estima que un mill\u00f3n de ni\u00f1os en Argentina se van a dormir sin cenar, mientras que 4,5 millones de adultos han tenido que omitir una comida, ilustrando la gravedad de la situaci\u00f3n alimentaria.<\/p>\n<p>A pesar de la ligera mejora en los indicadores de pobreza e indigencia en el segundo trimestre del a\u00f1o, Salvia se\u00f1al\u00f3 que esta recuperaci\u00f3n fue desigual. Los trabajadores formales del sector privado lograron recuperar parte de lo perdido, mientras que los trabajadores informales y del sector p\u00fablico experimentaron una recomposici\u00f3n considerablemente menor. Adem\u00e1s, sectores como la construcci\u00f3n, la industria manufacturera y el comercio han sufrido ca\u00eddas significativas en su actividad, exacerbando la vulnerabilidad de muchos trabajadores.<\/p>\n<p>De cara al futuro, el ODSA advierte sobre una posible meseta en la reducci\u00f3n de la pobreza e indigencia observada en el segundo semestre, aunque anticipa una ligera tendencia a la baja gracias a factores como el aumento del consumo, el pago del aguinaldo y los incrementos en jubilaciones y planes sociales. No obstante, el informe aclara que no se espera una disminuci\u00f3n significativa en los indicadores de pobreza a corto plazo. El ODSA proporcionar\u00e1 un panorama m\u00e1s detallado en diciembre, cuando concluya su encuesta nacional sobre la situaci\u00f3n social y econ\u00f3mica del pa\u00eds.<\/p>\n","protected":false},"excerpt":{"rendered":"<p>La pobreza en Argentina alcanz\u00f3 al 52% de la poblaci\u00f3n durante el primer semestre de 2024, seg\u00fan un informe del<\/p>\n","protected":false},"author":1,"featured_media":106357,"comment_status":"closed","ping_status":"closed","sticky":false,"template":"","format":"standard","meta":{"kia_subtitle":"Un informe de la UCA revela que m\u00e1s de la mitad de la poblaci\u00f3n vive en situaci\u00f3n de pobreza, marcando el nivel m\u00e1s alto en dos d\u00e9cadas.","footnotes":"","jetpack_publicize_message":"","jetpack_publicize_feature_enabled":true,"jetpack_social_post_already_shared":true,"jetpack_social_options":{"image_generator_settings":{"template":"highway","default_image_id":0,"font":"","enabled":false},"version":2}},"categories":[3,41],"tags":[],"class_list":["post-108484","post","type-post","status-publish","format-standard","has-post-thumbnail","hentry","category-actualidad","category-nacionales"],"jetpack_publicize_connections":[],"jetpack_featured_media_url":"https:\/\/laurbedigital.com.ar\/noticias\/wp-content\/uploads\/2024\/06\/20240626-Pobreza-desigualdad.jpg","_links":{"self":[{"href":"https:\/\/laurbedigital.com.ar\/noticias\/wp-json\/wp\/v2\/posts\/108484","targetHints":{"allow":["GET"]}}],"collection":[{"href":"https:\/\/laurbedigital.com.ar\/noticias\/wp-json\/wp\/v2\/posts"}],"about":[{"href":"https:\/\/laurbedigital.com.ar\/noticias\/wp-json\/wp\/v2\/types\/post"}],"author":[{"embeddable":true,"href":"https:\/\/laurbedigital.com.ar\/noticias\/wp-json\/wp\/v2\/users\/1"}],"replies":[{"embeddable":true,"href":"https:\/\/laurbedigital.com.ar\/noticias\/wp-json\/wp\/v2\/comments?post=108484"}],"version-history":[{"count":2,"href":"https:\/\/laurbedigital.com.ar\/noticias\/wp-json\/wp\/v2\/posts\/108484\/revisions"}],"predecessor-version":[{"id":108486,"href":"https:\/\/laurbedigital.com.ar\/noticias\/wp-json\/wp\/v2\/posts\/108484\/revisions\/108486"}],"wp:featuredmedia":[{"embeddable":true,"href":"https:\/\/laurbedigital.com.ar\/noticias\/wp-json\/wp\/v2\/media\/106357"}],"wp:attachment":[{"href":"https:\/\/laurbedigital.com.ar\/noticias\/wp-json\/wp\/v2\/media?parent=108484"}],"wp:term":[{"taxonomy":"category","embeddable":true,"href":"https:\/\/laurbedigital.com.ar\/noticias\/wp-json\/wp\/v2\/categories?post=108484"},{"taxonomy":"post_tag","embeddable":true,"href":"https:\/\/laurbedigital.com.ar\/noticias\/wp-json\/wp\/v2\/tags?post=108484"}],"curies":[{"name":"wp","href":"https:\/\/api.w.org\/{rel}","templated":true}]}}