{"id":108454,"date":"2024-09-04T01:11:58","date_gmt":"2024-09-04T04:11:58","guid":{"rendered":"https:\/\/laurbedigital.com.ar\/noticias\/?p=108454"},"modified":"2024-09-04T01:11:58","modified_gmt":"2024-09-04T04:11:58","slug":"el-gobierno-recorta-pensiones-por-invalidez-ajuste-brutal-disfrazado-de-auditoria","status":"publish","type":"post","link":"https:\/\/laurbedigital.com.ar\/noticias\/2024\/09\/04\/el-gobierno-recorta-pensiones-por-invalidez-ajuste-brutal-disfrazado-de-auditoria\/","title":{"rendered":"El Gobierno recorta pensiones por invalidez: ajuste brutal disfrazado de auditor\u00eda"},"content":{"rendered":"<p>El anuncio del Gobierno de eliminar entre 120.000 y 160.000 Pensiones No Contributivas por Invalidez Laboral ha desatado una tormenta de cr\u00edticas. Bajo la justificaci\u00f3n de corregir supuestas irregularidades, la Agencia Nacional de Discapacidad (ANDIS) ha iniciado un proceso de auditor\u00eda que amenaza con dejar a miles de personas sin su \u00fanica fuente de ingreso. Detr\u00e1s de esta medida, que afecta a los sectores m\u00e1s desprotegidos, se esconde lo que muchos consideran un ajuste despiadado y carente de sensibilidad social.<\/p>\n<h4><strong>Un ajuste sin escr\u00fapulos bajo la excusa de \u00abdepuraci\u00f3n\u00bb<\/strong><\/h4>\n<p>La ANDIS ha comenzado la auditor\u00eda en la Ciudad Aut\u00f3noma de Buenos Aires y la provincia de Buenos Aires, extendi\u00e9ndose progresivamente al resto del pa\u00eds. Las cifras son alarmantes: de los 400.000 beneficiarios auditados, se estima que hasta un 40% podr\u00eda perder su pensi\u00f3n. Estos recortes afectan directamente a personas que reciben un ingreso que equivale al 70% de la jubilaci\u00f3n m\u00ednima, dej\u00e1ndolos al borde de la indigencia.<\/p>\n<p>El Gobierno asegura que la medida es necesaria para corregir irregularidades y asegurar que solo quienes verdaderamente lo necesitan reciban este beneficio. Sin embargo, no ha ofrecido detalles claros sobre los criterios utilizados en la revisi\u00f3n, lo que despierta sospechas de que esta \u00abauditor\u00eda\u00bb no es m\u00e1s que un recorte masivo disfrazado de correcci\u00f3n administrativa. Se trata, en \u00faltima instancia, de una medida de ajuste que golpea, una vez m\u00e1s, a quienes menos tienen, mientras el Ejecutivo busca cerrar brechas fiscales a costa de los m\u00e1s vulnerables.<\/p>\n<h4><strong>Un proceso opaco y arbitrario que desprotege a los m\u00e1s d\u00e9biles<\/strong><\/h4>\n<p>Entre los casos revisados, la ANDIS ha se\u00f1alado que solo el 7% cumpl\u00eda con los requisitos legales para recibir la pensi\u00f3n, una cifra que genera m\u00e1s preguntas que respuestas. \u00bfC\u00f3mo es posible que tantos casos sean supuestamente irregulares? Las explicaciones oficiales parecen m\u00e1s un pretexto para justificar el recorte indiscriminado que una verdadera intenci\u00f3n de depuraci\u00f3n. La falta de transparencia y la arbitrariedad del proceso dejan a miles de personas sin capacidad de defensa ni posibilidad de apelar.<\/p>\n<p>Las denuncias de que se encontraron documentaciones m\u00e9dicas falsificadas o duplicaci\u00f3n de expedientes suenan m\u00e1s a excusas que a razones v\u00e1lidas para una medida de tal magnitud. En lugar de un proceso equitativo que permita a los beneficiarios demostrar su elegibilidad, el Gobierno ha optado por una purga masiva y expedita, sin contemplar el impacto devastador que esta tendr\u00e1 en las vidas de los afectados.<\/p>\n<h4><strong>El recorte como \u00fanica respuesta: la insensibilidad del ajuste<\/strong><\/h4>\n<p>Las principales v\u00edctimas de esta medida ser\u00e1n aquellos que reciben una pensi\u00f3n por invalidez, muchas veces sin otra fuente de ingreso y en situaciones de extrema vulnerabilidad. En lugar de ofrecer alternativas, como programas de inclusi\u00f3n laboral o mejoras en el sistema de asistencia social, el Gobierno ha decidido cortar por lo sano, demostrando una total falta de empat\u00eda y responsabilidad hacia los ciudadanos que m\u00e1s necesitan del Estado.<\/p>\n<p>Mientras se asegura que las auditor\u00edas no buscan perjudicar a los verdaderos beneficiarios, los hechos hablan por s\u00ed solos: en un contexto de creciente pobreza y precariedad, la eliminaci\u00f3n de hasta 160.000 pensiones equivale a una condena a la miseria para miles de argentinos. Lejos de ser una correcci\u00f3n administrativa, esta es una pol\u00edtica de ajuste que sacrifica a los m\u00e1s vulnerables en nombre de la eficiencia fiscal.<\/p>\n<h4><strong>El ajuste encubierto y la falta de respuestas del Gobierno<\/strong><\/h4>\n<p>El Director de la ANDIS, Diego Spagnuolo, ha defendido la medida asegurando que se busca \u00abrestaurar la transparencia\u00bb. Sin embargo, las palabras se diluyen frente a la realidad de un recorte masivo que no tiene en cuenta las historias individuales ni las circunstancias personales. En un pa\u00eds donde la pobreza y la exclusi\u00f3n son end\u00e9micas, esta medida parece m\u00e1s una acci\u00f3n de corte neoliberal que un esfuerzo genuino por corregir el sistema.<\/p>\n<p>Es urgente que el Gobierno revierta esta pol\u00edtica y demuestre un verdadero compromiso con los sectores m\u00e1s vulnerables. No es suficiente hablar de transparencia y legalidad cuando las acciones desmienten esas intenciones. La sociedad necesita un Estado presente, que no ajuste sobre los m\u00e1s d\u00e9biles y que ofrezca respuestas reales a las necesidades de quienes dependen de estas pensiones para sobrevivir. La historia juzgar\u00e1 con dureza a quienes, en tiempos de crisis, eligen recortar en lugar de proteger.<\/p>\n","protected":false},"excerpt":{"rendered":"<p>El anuncio del Gobierno de eliminar entre 120.000 y 160.000 Pensiones No Contributivas por Invalidez Laboral ha desatado una tormenta<\/p>\n","protected":false},"author":1,"featured_media":108447,"comment_status":"closed","ping_status":"closed","sticky":false,"template":"","format":"standard","meta":{"kia_subtitle":"Bajo el pretexto de eliminar \"irregularidades\", el Gobierno dejar\u00e1 sin pensi\u00f3n a hasta 160.000 personas con discapacidad. Las cr\u00edticas apuntan a un ajuste insensible y masivo que golpea a los m\u00e1s vulnerables mientras se ignora la falta de pol\u00edticas inclusivas.","footnotes":"","jetpack_publicize_message":"","jetpack_publicize_feature_enabled":true,"jetpack_social_post_already_shared":true,"jetpack_social_options":{"image_generator_settings":{"template":"highway","default_image_id":0,"font":"","enabled":false},"version":2}},"categories":[3,41],"tags":[],"class_list":["post-108454","post","type-post","status-publish","format-standard","has-post-thumbnail","hentry","category-actualidad","category-nacionales"],"jetpack_publicize_connections":[],"jetpack_featured_media_url":"https:\/\/laurbedigital.com.ar\/noticias\/wp-content\/uploads\/2024\/09\/20240904-Discapacidad.jpg","_links":{"self":[{"href":"https:\/\/laurbedigital.com.ar\/noticias\/wp-json\/wp\/v2\/posts\/108454","targetHints":{"allow":["GET"]}}],"collection":[{"href":"https:\/\/laurbedigital.com.ar\/noticias\/wp-json\/wp\/v2\/posts"}],"about":[{"href":"https:\/\/laurbedigital.com.ar\/noticias\/wp-json\/wp\/v2\/types\/post"}],"author":[{"embeddable":true,"href":"https:\/\/laurbedigital.com.ar\/noticias\/wp-json\/wp\/v2\/users\/1"}],"replies":[{"embeddable":true,"href":"https:\/\/laurbedigital.com.ar\/noticias\/wp-json\/wp\/v2\/comments?post=108454"}],"version-history":[{"count":1,"href":"https:\/\/laurbedigital.com.ar\/noticias\/wp-json\/wp\/v2\/posts\/108454\/revisions"}],"predecessor-version":[{"id":108455,"href":"https:\/\/laurbedigital.com.ar\/noticias\/wp-json\/wp\/v2\/posts\/108454\/revisions\/108455"}],"wp:featuredmedia":[{"embeddable":true,"href":"https:\/\/laurbedigital.com.ar\/noticias\/wp-json\/wp\/v2\/media\/108447"}],"wp:attachment":[{"href":"https:\/\/laurbedigital.com.ar\/noticias\/wp-json\/wp\/v2\/media?parent=108454"}],"wp:term":[{"taxonomy":"category","embeddable":true,"href":"https:\/\/laurbedigital.com.ar\/noticias\/wp-json\/wp\/v2\/categories?post=108454"},{"taxonomy":"post_tag","embeddable":true,"href":"https:\/\/laurbedigital.com.ar\/noticias\/wp-json\/wp\/v2\/tags?post=108454"}],"curies":[{"name":"wp","href":"https:\/\/api.w.org\/{rel}","templated":true}]}}