{"id":108451,"date":"2024-09-04T01:05:11","date_gmt":"2024-09-04T04:05:11","guid":{"rendered":"https:\/\/laurbedigital.com.ar\/noticias\/?p=108451"},"modified":"2024-09-04T01:05:11","modified_gmt":"2024-09-04T04:05:11","slug":"sindicatos-se-movilizan-al-congreso-para-rechazar-politicas-del-gobierno-de-milei-y-fmi","status":"publish","type":"post","link":"https:\/\/laurbedigital.com.ar\/noticias\/2024\/09\/04\/sindicatos-se-movilizan-al-congreso-para-rechazar-politicas-del-gobierno-de-milei-y-fmi\/","title":{"rendered":"Sindicatos se movilizan al Congreso para rechazar pol\u00edticas del gobierno de Milei y FMI"},"content":{"rendered":"<p>El jueves 12 de septiembre, una amplia coalici\u00f3n de sindicatos y movimientos sociales se movilizar\u00e1 al Congreso en rechazo a las pol\u00edticas econ\u00f3micas implementadas por el gobierno de Javier Milei y los condicionamientos del Fondo Monetario Internacional (FMI). La marcha fue convocada por ambas vertientes de la Central de los Trabajadores de Argentina (CTA), tanto Aut\u00f3noma como de los Trabajadores, el Frente Sindical, la Corriente Federal de la Confederaci\u00f3n General del Trabajo (CGT) y la Uni\u00f3n de Trabajadores de la Econom\u00eda Popular (UTEP).<\/p>\n<p>En una conferencia de prensa realizada en la sede de la Asociaci\u00f3n del Personal Superior de Empresas de Energ\u00eda (APSEE), los l\u00edderes sindicales expresaron su preocupaci\u00f3n y rechazo a la reciente decisi\u00f3n del presidente Milei de vetar la nueva ley de movilidad jubilatoria, y manifestaron su descontento con la direcci\u00f3n econ\u00f3mica del pa\u00eds. Participaron de la convocatoria figuras destacadas del \u00e1mbito sindical, como Hugo \u00abCachorro\u00bb Godoy (CTA Aut\u00f3noma), Hugo Yasky (CTA de los Trabajadores), Pablo Moyano (Frente Sindical) y Sergio Palazzo (La Bancaria).<\/p>\n<p>\u201cEstamos ante una disposici\u00f3n que desconoce al Congreso y ataca directamente los derechos de los jubilados y jubiladas, que junto a las infancias, son los sectores m\u00e1s castigados por las pol\u00edticas del gobierno de Milei\u201d, se\u00f1al\u00f3 Hugo Godoy durante su intervenci\u00f3n. El dirigente enfatiz\u00f3 la unidad del movimiento sindical para resistir lo que calific\u00f3 como un avance del Ejecutivo sobre derechos sociales fundamentales.<\/p>\n<p>Por su parte, Pablo Moyano llam\u00f3 a una movilizaci\u00f3n \u00abcontundente\u00bb para resistir los \u00abembates\u00bb del FMI y las decisiones del gobierno que, seg\u00fan sus palabras, buscan debilitar las conquistas laborales y sociales. \u201cTenemos que hacer entender a los legisladores que no vamos a permitir recortes en el presupuesto universitario ni medidas que afecten a nuestros mayores. Seguiremos en la calle, defendiendo los derechos del pueblo argentino\u201d, subray\u00f3 Moyano, destacando la importancia de la movilizaci\u00f3n popular frente a las pol\u00edticas gubernamentales.<\/p>\n<p>Sergio Palazzo, secretario general de La Bancaria, calific\u00f3 de \u00abcriminal\u00bb el veto presidencial al aumento de las jubilaciones, y rechaz\u00f3 las amenazas del mandatario de recortar el presupuesto para la educaci\u00f3n superior. \u00abNo vamos a permitir que se cercenen los derechos de nuestros mayores ni que se desfinancie la educaci\u00f3n p\u00fablica, que es el futuro de nuestro pa\u00eds\u00bb, afirm\u00f3 Palazzo.<\/p>\n<p>En tanto, Hugo Yasky, l\u00edder de la CTA de los Trabajadores, remarc\u00f3 que la movilizaci\u00f3n es una respuesta necesaria a la pol\u00edtica econ\u00f3mica que en los \u00faltimos meses ha exacerbado la pobreza y la indigencia en Argentina. \u00abEl movimiento sindical no puede quedarse de brazos cruzados mientras vemos c\u00f3mo la situaci\u00f3n de nuestros jubilados y trabajadores se deteriora cada d\u00eda m\u00e1s\u00bb, afirm\u00f3 Yasky. Adem\u00e1s, hizo hincapi\u00e9 en la necesidad de un gobierno que sea \u00abfuerte contra los poderosos y no contra los d\u00e9biles\u00bb.<\/p>\n<p>La convocatoria del pr\u00f3ximo 12 de septiembre representa una respuesta contundente del movimiento sindical y social contra lo que consideran un ajuste sin precedentes que atenta contra los sectores m\u00e1s vulnerables del pa\u00eds. Las organizaciones convocantes aseguran que la marcha ser\u00e1 solo el comienzo de una serie de acciones para frenar lo que definen como una ofensiva neoliberal que busca socavar los derechos de los trabajadores y las conquistas sociales hist\u00f3ricas.<\/p>\n","protected":false},"excerpt":{"rendered":"<p>El jueves 12 de septiembre, una amplia coalici\u00f3n de sindicatos y movimientos sociales se movilizar\u00e1 al Congreso en rechazo a<\/p>\n","protected":false},"author":1,"featured_media":108446,"comment_status":"closed","ping_status":"closed","sticky":false,"template":"","format":"standard","meta":{"kia_subtitle":"Diversos gremios y movimientos sociales convocan a una marcha el 12 de septiembre para oponerse a las pol\u00edticas econ\u00f3micas del gobierno de Javier Milei y los ajustes impulsados por el Fondo Monetario Internacional (FMI).","footnotes":"","jetpack_publicize_message":"","jetpack_publicize_feature_enabled":true,"jetpack_social_post_already_shared":true,"jetpack_social_options":{"image_generator_settings":{"template":"highway","default_image_id":0,"font":"","enabled":false},"version":2}},"categories":[3,39,41],"tags":[],"class_list":["post-108451","post","type-post","status-publish","format-standard","has-post-thumbnail","hentry","category-actualidad","category-gremios","category-nacionales"],"jetpack_publicize_connections":[],"jetpack_featured_media_url":"https:\/\/laurbedigital.com.ar\/noticias\/wp-content\/uploads\/2024\/09\/20240904-Congreso.jpg","_links":{"self":[{"href":"https:\/\/laurbedigital.com.ar\/noticias\/wp-json\/wp\/v2\/posts\/108451","targetHints":{"allow":["GET"]}}],"collection":[{"href":"https:\/\/laurbedigital.com.ar\/noticias\/wp-json\/wp\/v2\/posts"}],"about":[{"href":"https:\/\/laurbedigital.com.ar\/noticias\/wp-json\/wp\/v2\/types\/post"}],"author":[{"embeddable":true,"href":"https:\/\/laurbedigital.com.ar\/noticias\/wp-json\/wp\/v2\/users\/1"}],"replies":[{"embeddable":true,"href":"https:\/\/laurbedigital.com.ar\/noticias\/wp-json\/wp\/v2\/comments?post=108451"}],"version-history":[{"count":2,"href":"https:\/\/laurbedigital.com.ar\/noticias\/wp-json\/wp\/v2\/posts\/108451\/revisions"}],"predecessor-version":[{"id":108453,"href":"https:\/\/laurbedigital.com.ar\/noticias\/wp-json\/wp\/v2\/posts\/108451\/revisions\/108453"}],"wp:featuredmedia":[{"embeddable":true,"href":"https:\/\/laurbedigital.com.ar\/noticias\/wp-json\/wp\/v2\/media\/108446"}],"wp:attachment":[{"href":"https:\/\/laurbedigital.com.ar\/noticias\/wp-json\/wp\/v2\/media?parent=108451"}],"wp:term":[{"taxonomy":"category","embeddable":true,"href":"https:\/\/laurbedigital.com.ar\/noticias\/wp-json\/wp\/v2\/categories?post=108451"},{"taxonomy":"post_tag","embeddable":true,"href":"https:\/\/laurbedigital.com.ar\/noticias\/wp-json\/wp\/v2\/tags?post=108451"}],"curies":[{"name":"wp","href":"https:\/\/api.w.org\/{rel}","templated":true}]}}