{"id":108386,"date":"2024-09-02T00:59:53","date_gmt":"2024-09-02T03:59:53","guid":{"rendered":"https:\/\/laurbedigital.com.ar\/noticias\/?p=108386"},"modified":"2024-09-02T00:59:53","modified_gmt":"2024-09-02T03:59:53","slug":"ajuste-a-jubilados-el-impacto-de-las-politicas-de-milei","status":"publish","type":"post","link":"https:\/\/laurbedigital.com.ar\/noticias\/2024\/09\/02\/ajuste-a-jubilados-el-impacto-de-las-politicas-de-milei\/","title":{"rendered":"Ajuste a jubilados: el impacto de las pol\u00edticas de Milei"},"content":{"rendered":"<p>Los jubilados argentinos han sido uno de los sectores m\u00e1s afectados por las pol\u00edticas de ajuste del gobierno de Javier Milei. Seg\u00fan un reciente informe del Centro de Econom\u00eda Pol\u00edtica Argentina (CEPA), casi un tercio del ajuste fiscal en lo que va de 2024 ha impactado directamente en el poder adquisitivo de las jubilaciones y pensiones, lo que ha intensificado la precarizaci\u00f3n de este grupo vulnerable.<\/p>\n<p>El an\u00e1lisis del CEPA, basado en los datos disponibles hasta julio de 2024, evidencia que el 27,7% del recorte del gasto estatal estuvo asociado a la disminuci\u00f3n del poder adquisitivo de las jubilaciones y pensiones. Este ajuste se materializ\u00f3 a trav\u00e9s de diversas medidas con impacto regresivo, incluyendo la aceleraci\u00f3n inflacionaria, la reducci\u00f3n del valor real de los bonos para jubilaciones m\u00ednimas, y el intento de modificar la ley de moratoria previsional y liquidar activos del Fondo de Garant\u00eda de Sustentabilidad de la ANSES.<\/p>\n<p>El per\u00edodo de mayor regresividad en los haberes jubilatorios se registr\u00f3 durante el primer trimestre del a\u00f1o. En febrero de 2024, los jubilados percibieron entre un 24,7% y un 29,5% menos que en noviembre de 2023. Esta ca\u00edda se moder\u00f3 en marzo, pero los haberes a\u00fan estaban entre un 13,7% y un 19,2% por debajo de los valores previos. La nueva f\u00f3rmula de movilidad jubilatoria, implementada por decreto en marzo y vinculada a la inflaci\u00f3n, no logr\u00f3 compensar totalmente esta p\u00e9rdida, dejando fuera alrededor de ocho puntos porcentuales de la disminuci\u00f3n real en los haberes m\u00ednimos.<\/p>\n<p>Aunque el Congreso sancion\u00f3 recientemente una nueva ley de Movilidad Jubilatoria para recuperar parte de estos puntos perdidos, el gobierno anticip\u00f3 su veto a fin de proteger el super\u00e1vit fiscal. Seg\u00fan el informe del CEPA, esta decisi\u00f3n ha perpetuado la carga del ajuste sobre los jubilados, quienes contin\u00faan sosteniendo financieramente las pol\u00edticas del gobierno m\u00e1s all\u00e1 del primer trimestre.<\/p>\n<p>Adem\u00e1s, el CEPA destac\u00f3 que, de haberse mantenido la f\u00f3rmula de movilidad jubilatoria previa al decreto de Milei, los haberes m\u00ednimos habr\u00edan experimentado una recuperaci\u00f3n significativa. En septiembre, por ejemplo, la jubilaci\u00f3n m\u00ednima podr\u00eda haber alcanzado los $253.225, comparados con los $234.540 proyectados bajo la f\u00f3rmula actual, una diferencia de 7,4% a la baja.<\/p>\n<p>La situaci\u00f3n de los jubilados en Argentina ilustra las consecuencias de las pol\u00edticas de ajuste fiscal en el pa\u00eds. A medida que el gobierno avanza con su agenda econ\u00f3mica, el desaf\u00edo de garantizar una vida digna para los jubilados sigue siendo una deuda pendiente. El informe del CEPA advierte que, al ritmo actual, los jubilados seguir\u00e1n perdiendo poder adquisitivo, lo que contradice las promesas de mejora y protecci\u00f3n econ\u00f3mica hechas por la administraci\u00f3n de Milei.<\/p>\n","protected":false},"excerpt":{"rendered":"<p>Los jubilados argentinos han sido uno de los sectores m\u00e1s afectados por las pol\u00edticas de ajuste del gobierno de Javier<\/p>\n","protected":false},"author":1,"featured_media":102737,"comment_status":"closed","ping_status":"closed","sticky":false,"template":"","format":"standard","meta":{"kia_subtitle":"Un informe del CEPA revela que el 27,7% del ajuste fiscal implementado por el gobierno de Javier Milei recay\u00f3 sobre los jubilados, profundizando la p\u00e9rdida del poder adquisitivo de sus haberes desde diciembre de 2023.","footnotes":"","jetpack_publicize_message":"","jetpack_publicize_feature_enabled":true,"jetpack_social_post_already_shared":true,"jetpack_social_options":{"image_generator_settings":{"template":"highway","default_image_id":0,"font":"","enabled":false},"version":2}},"categories":[3,41],"tags":[],"class_list":["post-108386","post","type-post","status-publish","format-standard","has-post-thumbnail","hentry","category-actualidad","category-nacionales"],"jetpack_publicize_connections":[],"jetpack_featured_media_url":"https:\/\/laurbedigital.com.ar\/noticias\/wp-content\/uploads\/2024\/03\/202400306-Jubilada.jpg","_links":{"self":[{"href":"https:\/\/laurbedigital.com.ar\/noticias\/wp-json\/wp\/v2\/posts\/108386","targetHints":{"allow":["GET"]}}],"collection":[{"href":"https:\/\/laurbedigital.com.ar\/noticias\/wp-json\/wp\/v2\/posts"}],"about":[{"href":"https:\/\/laurbedigital.com.ar\/noticias\/wp-json\/wp\/v2\/types\/post"}],"author":[{"embeddable":true,"href":"https:\/\/laurbedigital.com.ar\/noticias\/wp-json\/wp\/v2\/users\/1"}],"replies":[{"embeddable":true,"href":"https:\/\/laurbedigital.com.ar\/noticias\/wp-json\/wp\/v2\/comments?post=108386"}],"version-history":[{"count":1,"href":"https:\/\/laurbedigital.com.ar\/noticias\/wp-json\/wp\/v2\/posts\/108386\/revisions"}],"predecessor-version":[{"id":108387,"href":"https:\/\/laurbedigital.com.ar\/noticias\/wp-json\/wp\/v2\/posts\/108386\/revisions\/108387"}],"wp:featuredmedia":[{"embeddable":true,"href":"https:\/\/laurbedigital.com.ar\/noticias\/wp-json\/wp\/v2\/media\/102737"}],"wp:attachment":[{"href":"https:\/\/laurbedigital.com.ar\/noticias\/wp-json\/wp\/v2\/media?parent=108386"}],"wp:term":[{"taxonomy":"category","embeddable":true,"href":"https:\/\/laurbedigital.com.ar\/noticias\/wp-json\/wp\/v2\/categories?post=108386"},{"taxonomy":"post_tag","embeddable":true,"href":"https:\/\/laurbedigital.com.ar\/noticias\/wp-json\/wp\/v2\/tags?post=108386"}],"curies":[{"name":"wp","href":"https:\/\/api.w.org\/{rel}","templated":true}]}}