{"id":108383,"date":"2024-09-02T00:50:34","date_gmt":"2024-09-02T03:50:34","guid":{"rendered":"https:\/\/laurbedigital.com.ar\/noticias\/?p=108383"},"modified":"2024-09-02T00:50:34","modified_gmt":"2024-09-02T03:50:34","slug":"precarizacion-laboral-un-problema-creciente-en-argentina","status":"publish","type":"post","link":"https:\/\/laurbedigital.com.ar\/noticias\/2024\/09\/02\/precarizacion-laboral-un-problema-creciente-en-argentina\/","title":{"rendered":"Precarizaci\u00f3n laboral: un problema creciente en Argentina"},"content":{"rendered":"<p>La precarizaci\u00f3n laboral sigue avanzando en Argentina, afectando a casi la mitad de la fuerza laboral del pa\u00eds. Entre los j\u00f3venes de 18 a 24 a\u00f1os, esta situaci\u00f3n es a\u00fan m\u00e1s alarmante, alcanzando al 70% de este grupo etario. La falta de empleos registrados y la proliferaci\u00f3n de trabajos informales o mal remunerados son parte de un contexto econ\u00f3mico adverso que debilita el mercado laboral y deteriora las condiciones de vida de los trabajadores.<\/p>\n<p>Seg\u00fan el \u00faltimo an\u00e1lisis del IPyPP, basado en datos de la Encuesta Permanente de Hogares (EPH) del INDEC, el 46,8% de los trabajadores en Argentina se encuentra en condiciones de precariedad laboral. Esto incluye empleos informales, cuentapropismo y monotributistas que no logran cubrir una canasta b\u00e1sica. Este fen\u00f3meno se agrava entre los j\u00f3venes de 18 a 24 a\u00f1os, quienes enfrentan una tasa de precarizaci\u00f3n del 70%, siendo los m\u00e1s afectados por la inestabilidad laboral y los bajos ingresos.<\/p>\n<p>Claudio Lozano, coordinador del IPyPP, se\u00f1ala que estos datos reflejan una Argentina que atraviesa un per\u00edodo de fuerte regresividad en t\u00e9rminos distributivos, agravado por un mercado interno deteriorado y un programa econ\u00f3mico que no contempla medidas efectivas para mejorar la calidad del empleo. En este contexto, la pobreza laboral tambi\u00e9n ha escalado, alcanzando al 45% de los trabajadores ocupados.<\/p>\n<p>La administraci\u00f3n actual, con sus pol\u00edticas de ajuste y reforma laboral, ha sido criticada por no abordar las ra\u00edces del problema. La nueva Ley Bases y el DNU 70\/23, que facilitan la flexibilizaci\u00f3n laboral, han contribuido a un aumento en la informalidad y el autoempleo de subsistencia. \u201cEl enfoque principal debe ser reactivar la econom\u00eda a trav\u00e9s de la recuperaci\u00f3n de los ingresos populares y establecer un umbral de dignidad laboral\u201d, se\u00f1ala Lozano.<\/p>\n<p>La situaci\u00f3n laboral en Argentina requiere de pol\u00edticas activas que no solo frenen la ca\u00edda de los ingresos sino que tambi\u00e9n promuevan la creaci\u00f3n de empleo de calidad. Los expertos sugieren la reducci\u00f3n de la jornada laboral como un mecanismo para distribuir el trabajo existente, lo que podr\u00eda liberar hasta 2,25 millones de puestos y reducir significativamente el desempleo. Mientras tanto, la precarizaci\u00f3n sigue siendo un flagelo que profundiza la desigualdad y la inestabilidad en el pa\u00eds.<\/p>\n","protected":false},"excerpt":{"rendered":"<p>La precarizaci\u00f3n laboral sigue avanzando en Argentina, afectando a casi la mitad de la fuerza laboral del pa\u00eds. Entre los<\/p>\n","protected":false},"author":1,"featured_media":108384,"comment_status":"closed","ping_status":"closed","sticky":false,"template":"","format":"standard","meta":{"kia_subtitle":"La precarizaci\u00f3n laboral afecta al 46% de la fuerza de trabajo en Argentina, con un impacto m\u00e1s severo entre los j\u00f3venes, donde la cifra asciende al 70%, seg\u00fan datos del Instituto de Pensamiento y Pol\u00edticas P\u00fablicas (IPyPP).","footnotes":"","jetpack_publicize_message":"","jetpack_publicize_feature_enabled":true,"jetpack_social_post_already_shared":true,"jetpack_social_options":{"image_generator_settings":{"template":"highway","default_image_id":0,"font":"","enabled":false},"version":2}},"categories":[3,41],"tags":[],"class_list":["post-108383","post","type-post","status-publish","format-standard","has-post-thumbnail","hentry","category-actualidad","category-nacionales"],"jetpack_publicize_connections":[],"jetpack_featured_media_url":"https:\/\/laurbedigital.com.ar\/noticias\/wp-content\/uploads\/2024\/09\/20240901-Trabajo-Pedidos-Ya.jpg","_links":{"self":[{"href":"https:\/\/laurbedigital.com.ar\/noticias\/wp-json\/wp\/v2\/posts\/108383","targetHints":{"allow":["GET"]}}],"collection":[{"href":"https:\/\/laurbedigital.com.ar\/noticias\/wp-json\/wp\/v2\/posts"}],"about":[{"href":"https:\/\/laurbedigital.com.ar\/noticias\/wp-json\/wp\/v2\/types\/post"}],"author":[{"embeddable":true,"href":"https:\/\/laurbedigital.com.ar\/noticias\/wp-json\/wp\/v2\/users\/1"}],"replies":[{"embeddable":true,"href":"https:\/\/laurbedigital.com.ar\/noticias\/wp-json\/wp\/v2\/comments?post=108383"}],"version-history":[{"count":1,"href":"https:\/\/laurbedigital.com.ar\/noticias\/wp-json\/wp\/v2\/posts\/108383\/revisions"}],"predecessor-version":[{"id":108385,"href":"https:\/\/laurbedigital.com.ar\/noticias\/wp-json\/wp\/v2\/posts\/108383\/revisions\/108385"}],"wp:featuredmedia":[{"embeddable":true,"href":"https:\/\/laurbedigital.com.ar\/noticias\/wp-json\/wp\/v2\/media\/108384"}],"wp:attachment":[{"href":"https:\/\/laurbedigital.com.ar\/noticias\/wp-json\/wp\/v2\/media?parent=108383"}],"wp:term":[{"taxonomy":"category","embeddable":true,"href":"https:\/\/laurbedigital.com.ar\/noticias\/wp-json\/wp\/v2\/categories?post=108383"},{"taxonomy":"post_tag","embeddable":true,"href":"https:\/\/laurbedigital.com.ar\/noticias\/wp-json\/wp\/v2\/tags?post=108383"}],"curies":[{"name":"wp","href":"https:\/\/api.w.org\/{rel}","templated":true}]}}