{"id":108357,"date":"2024-08-31T23:25:06","date_gmt":"2024-09-01T02:25:06","guid":{"rendered":"https:\/\/laurbedigital.com.ar\/noticias\/?p=108357"},"modified":"2024-08-31T23:25:06","modified_gmt":"2024-09-01T02:25:06","slug":"renate-reinsve-la-actriz-que-revivio-su-carrera-y-dio-vida-a-la-peor-persona-del-mundo","status":"publish","type":"post","link":"https:\/\/laurbedigital.com.ar\/noticias\/2024\/08\/31\/renate-reinsve-la-actriz-que-revivio-su-carrera-y-dio-vida-a-la-peor-persona-del-mundo\/","title":{"rendered":"Renate Reinsve: la actriz que revivi\u00f3 su carrera y dio vida a \u00abLa Peor Persona del Mundo\u00bb"},"content":{"rendered":"<p>En 2021, <em>La Peor Persona del Mundo<\/em> irrumpi\u00f3 en la escena cinematogr\u00e1fica como un respiro de autenticidad, capturando la complejidad de la juventud moderna con una sinceridad que reson\u00f3 profundamente en la audiencia. Pero lo que pocos saben es que esta pel\u00edcula, dirigida por Joachim Trier, no solo lanz\u00f3 al estrellato a su protagonista, Renate Reinsve, sino que fue gracias a ella que el proyecto cobr\u00f3 vida.<\/p>\n<p>\u00abLa Peor Persona del Mundo\u00bb\u00a0es la tercera y \u00faltima entrega de la trilog\u00eda de Trier sobre j\u00f3venes \u00abperdidos\u00bb en Oslo, una serie que comenz\u00f3 en 2006. Sin embargo, esta entrega es la que se ha destacado como la m\u00e1s significativa, y gran parte de su \u00e9xito se debe a la influencia de Renate Reinsve. La actriz hab\u00eda interpretado un peque\u00f1o papel en la pel\u00edcula <em>Oslo, 31 de agosto<\/em>, y aunque su carrera continu\u00f3 en el teatro, no logr\u00f3 avanzar en el cine. A pesar de este aparente estancamiento, Trier qued\u00f3 tan impresionado por su talento que decidi\u00f3 escribir un guion con ella en mente.<\/p>\n<p>En declaraciones a <em>The Playlist<\/em>, Trier explic\u00f3: \u00abSab\u00eda que quer\u00eda hacer una pel\u00edcula con ella. Renate interpret\u00f3 un peque\u00f1o papel en <em>Oslo, 31 de agosto<\/em> despu\u00e9s de terminar la escuela de teatro, y aunque su papel fue breve, me impact\u00f3. Pens\u00e9: &#8216;Tengo que escribirle algo'\u00bb. As\u00ed naci\u00f3 <em>La Peor Persona del Mundo<\/em>, con Reinsve en el centro de su inspiraci\u00f3n.<\/p>\n<p>Lo curioso es que, justo antes de recibir la llamada de Trier, Reinsve hab\u00eda decidido dejar la actuaci\u00f3n para dedicarse a la carpinter\u00eda en Italia. \u00abLo decid\u00ed el d\u00eda antes de que Joachim me llamara para decirme que estaba escribiendo un guion pensando en m\u00ed\u00bb, cont\u00f3 la actriz a <em>Time Out<\/em>. Sin dudarlo, acept\u00f3 el desaf\u00edo, reconociendo la extra\u00f1a coincidencia que cambi\u00f3 su vida.<\/p>\n<p><iframe loading=\"lazy\" title=\"La peor persona del mundo - Tr\u00e1iler Oficial | Prime\" src=\"https:\/\/www.youtube.com\/embed\/HvoxuAUE-FQ\" width=\"990\" height=\"557\" frameborder=\"0\" allowfullscreen=\"allowfullscreen\"><\/iframe><\/p>\n<p>La pel\u00edcula, que Trier describe como \u00abuna comedia rom\u00e1ntica para quienes odian las comedias rom\u00e1nticas\u00bb, explora el amor de una manera imperfecta y realista, reflejando la inconsistencia y las contradicciones de la vida moderna, algo que Renate Reinsve encarn\u00f3 a la perfecci\u00f3n. Su actuaci\u00f3n fue tan destacada que le vali\u00f3 el premio a Mejor Actriz en el Festival de Cannes, catapult\u00e1ndola al reconocimiento internacional.<\/p>\n","protected":false},"excerpt":{"rendered":"<p>En 2021, La Peor Persona del Mundo irrumpi\u00f3 en la escena cinematogr\u00e1fica como un respiro de autenticidad, capturando la complejidad<\/p>\n","protected":false},"author":1,"featured_media":108358,"comment_status":"closed","ping_status":"closed","sticky":false,"template":"","format":"standard","meta":{"kia_subtitle":"La aclamada pel\u00edcula \"La Peor Persona del Mundo\" no solo transform\u00f3 la carrera de Renate Reinsve, sino que tambi\u00e9n existe gracias a su talento e inspiraci\u00f3n, revitalizando el cine contempor\u00e1neo.","footnotes":"","jetpack_publicize_message":"","jetpack_publicize_feature_enabled":true,"jetpack_social_post_already_shared":true,"jetpack_social_options":{"image_generator_settings":{"template":"highway","default_image_id":0,"font":"","enabled":false},"version":2}},"categories":[2600,68],"tags":[],"class_list":["post-108357","post","type-post","status-publish","format-standard","has-post-thumbnail","hentry","category-espectaculo","category-cine-y-series"],"jetpack_publicize_connections":[],"jetpack_featured_media_url":"https:\/\/laurbedigital.com.ar\/noticias\/wp-content\/uploads\/2024\/08\/202408031-Renate-Reinsve.jpg","_links":{"self":[{"href":"https:\/\/laurbedigital.com.ar\/noticias\/wp-json\/wp\/v2\/posts\/108357","targetHints":{"allow":["GET"]}}],"collection":[{"href":"https:\/\/laurbedigital.com.ar\/noticias\/wp-json\/wp\/v2\/posts"}],"about":[{"href":"https:\/\/laurbedigital.com.ar\/noticias\/wp-json\/wp\/v2\/types\/post"}],"author":[{"embeddable":true,"href":"https:\/\/laurbedigital.com.ar\/noticias\/wp-json\/wp\/v2\/users\/1"}],"replies":[{"embeddable":true,"href":"https:\/\/laurbedigital.com.ar\/noticias\/wp-json\/wp\/v2\/comments?post=108357"}],"version-history":[{"count":2,"href":"https:\/\/laurbedigital.com.ar\/noticias\/wp-json\/wp\/v2\/posts\/108357\/revisions"}],"predecessor-version":[{"id":108360,"href":"https:\/\/laurbedigital.com.ar\/noticias\/wp-json\/wp\/v2\/posts\/108357\/revisions\/108360"}],"wp:featuredmedia":[{"embeddable":true,"href":"https:\/\/laurbedigital.com.ar\/noticias\/wp-json\/wp\/v2\/media\/108358"}],"wp:attachment":[{"href":"https:\/\/laurbedigital.com.ar\/noticias\/wp-json\/wp\/v2\/media?parent=108357"}],"wp:term":[{"taxonomy":"category","embeddable":true,"href":"https:\/\/laurbedigital.com.ar\/noticias\/wp-json\/wp\/v2\/categories?post=108357"},{"taxonomy":"post_tag","embeddable":true,"href":"https:\/\/laurbedigital.com.ar\/noticias\/wp-json\/wp\/v2\/tags?post=108357"}],"curies":[{"name":"wp","href":"https:\/\/api.w.org\/{rel}","templated":true}]}}