{"id":108335,"date":"2024-08-31T02:32:13","date_gmt":"2024-08-31T05:32:13","guid":{"rendered":"https:\/\/laurbedigital.com.ar\/noticias\/?p=108335"},"modified":"2024-08-31T02:32:13","modified_gmt":"2024-08-31T05:32:13","slug":"condenan-a-perpetua-al-asesino-de-tehuel-pero-su-padre-exige-saber-donde-esta","status":"publish","type":"post","link":"https:\/\/laurbedigital.com.ar\/noticias\/2024\/08\/31\/condenan-a-perpetua-al-asesino-de-tehuel-pero-su-padre-exige-saber-donde-esta\/","title":{"rendered":"Condenan a perpetua al asesino de Tehuel, pero su padre exige saber d\u00f3nde est\u00e1"},"content":{"rendered":"<p><span>Tras m\u00e1s de tres a\u00f1os de la desaparici\u00f3n de Tehuel de la Torre, el joven trans que fue visto por \u00faltima vez cuando se dirigi\u00f3 a una entrevista de trabajo en Alejandro Korn, provincia de Buenos Aires, la justicia bonaerense conden\u00f3 al principal responsable de su homicidio. una prisi\u00f3n perpetua. A pesar de la sentencia, la familia de Tehuel contin\u00faa enfrentando un calvario, ya que los restos del joven a\u00fan no han sido hallados.<\/span><\/p>\n<p><span>Andr\u00e9s de la Torre, padre de Tehuel, manifest\u00f3 su conformidad con la condena impuesta a Luis Alberto Ramos, quien fue encontrado culpable de asesinar a Tehuel \u00abpor odio a la identidad de g\u00e9nero\u00bb. Este agravante fue determinante para la pena m\u00e1xima de prisi\u00f3n perpetua dictada por el Tribunal Oral en lo Penal N\u00b02 de La Plata, integrado por los jueces Claudio Bernard y Silvia Hoerr. Sin embargo, Andr\u00e9s dej\u00f3 claro que la justicia no estar\u00e1 completa hasta que logren recuperar los restos de su hijo.<\/span><\/p>\n<p><span>El fallo, aunque significativo, no cierra las heridas de la familia de Tehuel, quienes contin\u00faan en la b\u00fasqueda incansable de respuestas. \u00abEs un fracaso porque me interesa saber d\u00f3nde est\u00e1 m\u00e1s que otra cosa\u00bb, expres\u00f3 Andr\u00e9s, subrayando que el dolor de no encontrar a su hijo es una herida abierta que la sentencia no puede sanar. El tribunal tambi\u00e9n reconoci\u00f3 el \u00abda\u00f1o que provoca a sus seres queridos\u00bb la desaparici\u00f3n del cuerpo.<\/span><\/p>\n<p><span>La historia de Tehuel de la Torre comenz\u00f3 el 11 de marzo de 2021, cuando se dirigi\u00f3 a Alejandro Korn para reunirse con Ramos y Oscar Alfredo Montes, con la esperanza de conseguir un trabajo como mozo. Pese a las negaciones de ambos acusados \u200b\u200bsobre su implicancia en el crimen, las evidencias demostraron lo contrario. Las investigaciones revelaron que Tehuel viaj\u00f3 desde su hogar en San Vicente para encontrarse con los acusados \u200b\u200ben la casa de Ramos. Adem\u00e1s, a pesar de que intentaron borrar rastros quemando el celular de Tehuel, una foto capturada con los dos acusados \u200b\u200bese d\u00eda fue recuperada de su cuenta de Google.<\/span><\/p>\n<p><span>Mientras la comunidad LGBTQ+ y los seres queridos de Tehuel contin\u00faan exigiendo justicia, la lucha no ha cesado. Las marchas y reclamos persisten, no solo por la aparici\u00f3n de Tehuel, sino tambi\u00e9n para denunciar el alarmante aumento de los cr\u00edmenes de odio. A\u00fan pendiente queda el juicio por jurados para Montes, due\u00f1o de la casa donde Ramos y Tehuel se encontraron por \u00faltima vez, un proceso que promete seguir arrojando luz sobre los hechos que llevaron a la tr\u00e1gica desaparici\u00f3n del joven.<\/span><\/p>\n","protected":false},"excerpt":{"rendered":"<p>Tras m\u00e1s de tres a\u00f1os de la desaparici\u00f3n de Tehuel de la Torre, el joven trans que fue visto por<\/p>\n","protected":false},"author":1,"featured_media":108336,"comment_status":"closed","ping_status":"closed","sticky":false,"template":"","format":"standard","meta":{"kia_subtitle":"Andr\u00e9s de la Torre, padre de Tehuel, expres\u00f3 su frustraci\u00f3n tras la condena a prisi\u00f3n perpetua del responsable del homicidio de su hijo, ya que a\u00fan no se han encontrado los restos. \"Es un fracaso porque me interesa saber d\u00f3nde est\u00e1 m\u00e1s que otra cosa\", afirm\u00f3.","footnotes":"","jetpack_publicize_message":"","jetpack_publicize_feature_enabled":true,"jetpack_social_post_already_shared":true,"jetpack_social_options":{"image_generator_settings":{"template":"highway","default_image_id":0,"font":"","enabled":false},"version":2}},"categories":[8],"tags":[],"class_list":["post-108335","post","type-post","status-publish","format-standard","has-post-thumbnail","hentry","category-policiales"],"jetpack_publicize_connections":[],"jetpack_featured_media_url":"https:\/\/laurbedigital.com.ar\/noticias\/wp-content\/uploads\/2024\/08\/20240831-tEHUEL-padre.jpg","_links":{"self":[{"href":"https:\/\/laurbedigital.com.ar\/noticias\/wp-json\/wp\/v2\/posts\/108335","targetHints":{"allow":["GET"]}}],"collection":[{"href":"https:\/\/laurbedigital.com.ar\/noticias\/wp-json\/wp\/v2\/posts"}],"about":[{"href":"https:\/\/laurbedigital.com.ar\/noticias\/wp-json\/wp\/v2\/types\/post"}],"author":[{"embeddable":true,"href":"https:\/\/laurbedigital.com.ar\/noticias\/wp-json\/wp\/v2\/users\/1"}],"replies":[{"embeddable":true,"href":"https:\/\/laurbedigital.com.ar\/noticias\/wp-json\/wp\/v2\/comments?post=108335"}],"version-history":[{"count":1,"href":"https:\/\/laurbedigital.com.ar\/noticias\/wp-json\/wp\/v2\/posts\/108335\/revisions"}],"predecessor-version":[{"id":108337,"href":"https:\/\/laurbedigital.com.ar\/noticias\/wp-json\/wp\/v2\/posts\/108335\/revisions\/108337"}],"wp:featuredmedia":[{"embeddable":true,"href":"https:\/\/laurbedigital.com.ar\/noticias\/wp-json\/wp\/v2\/media\/108336"}],"wp:attachment":[{"href":"https:\/\/laurbedigital.com.ar\/noticias\/wp-json\/wp\/v2\/media?parent=108335"}],"wp:term":[{"taxonomy":"category","embeddable":true,"href":"https:\/\/laurbedigital.com.ar\/noticias\/wp-json\/wp\/v2\/categories?post=108335"},{"taxonomy":"post_tag","embeddable":true,"href":"https:\/\/laurbedigital.com.ar\/noticias\/wp-json\/wp\/v2\/tags?post=108335"}],"curies":[{"name":"wp","href":"https:\/\/api.w.org\/{rel}","templated":true}]}}