{"id":108277,"date":"2024-08-29T02:06:51","date_gmt":"2024-08-29T05:06:51","guid":{"rendered":"https:\/\/laurbedigital.com.ar\/noticias\/?p=108277"},"modified":"2024-08-29T02:06:51","modified_gmt":"2024-08-29T05:06:51","slug":"cascallares-reconocio-a-trabajadoras-vecinales-recientemente-jubiladas","status":"publish","type":"post","link":"https:\/\/laurbedigital.com.ar\/noticias\/2024\/08\/29\/cascallares-reconocio-a-trabajadoras-vecinales-recientemente-jubiladas\/","title":{"rendered":"Cascallares reconoci\u00f3 a trabajadoras vecinales recientemente jubiladas"},"content":{"rendered":"<p>La actividad se llev\u00f3 adelante en la\u00a0Casa Municipal de la Cultura, donde el jefe comunal comparti\u00f3 un importante encuentro con doce vecinas que luego de a\u00f1os de trabajo pudieron jubilarse tras cumplir un rol fundamental en los barrios siendo el nexo con el Estado municipal.<\/p>\n<p>En esta oportunidad, dijeron presente en el encuentro\u00a0Rosa Adelina P\u00e1ez, Ana Sara D\u00edaz, Blanca Isolina Far\u00edas, Laura Teresa Terluk, Rumilda C\u00e9spedes, Mar\u00eda Schapavaloff, Elsa Beatriz Melio, Mar\u00eda Nieburh, Elva Ruiz D\u00edaz, Marta Clapier, Rosa Cajal y\u00a0 Mabel Tejeira.<\/p>\n<p>Se trata de las trabajadoras que detectan situaciones emergentes y vulnerables en las doce localidades, lo que permite gracias al r\u00e1pido accionar con la gesti\u00f3n municipal la resoluci\u00f3n de distintas problem\u00e1ticas en los barrios.<\/p>\n<h6>\u201cCompartimos una hermosa ma\u00f1ana junto a trabajadoras vecinales de nuestro distrito que accedieron a su jubilaci\u00f3n, a quienes les agradecimos su enorme trabajo realizado en los barrios de nuestro distrito\u201d, subray\u00f3 Mariano Cascallares.<\/h6>\n<p><img loading=\"lazy\" decoding=\"async\" class=\"alignnone size-full wp-image-108279\" src=\"https:\/\/laurbedigital.com.ar\/noticias\/wp-content\/uploads\/2024\/08\/202408028-Brown-Cascallares-Jubilados-1.jpg\" alt=\"\" width=\"768\" height=\"428\" title=\"\" srcset=\"https:\/\/laurbedigital.com.ar\/noticias\/wp-content\/uploads\/2024\/08\/202408028-Brown-Cascallares-Jubilados-1.jpg 768w, https:\/\/laurbedigital.com.ar\/noticias\/wp-content\/uploads\/2024\/08\/202408028-Brown-Cascallares-Jubilados-1-300x167.jpg 300w\" sizes=\"auto, (max-width: 768px) 100vw, 768px\" \/><\/p>\n<p>La actividad cont\u00f3 con la participaci\u00f3n de la secretaria de Desarrollo, Seguridad Social y Derechos Humanos, B\u00e1rbara Mi\u00f1\u00e1n; del secretario de Gobierno, Juan Jos\u00e9 Fabiani; y de la directora de Seguridad Social, Sonia Aguilar, junto a representante de IPS Almirante Brown.<\/p>\n","protected":false},"excerpt":{"rendered":"<p>La actividad se llev\u00f3 adelante en la\u00a0Casa Municipal de la Cultura, donde el jefe comunal comparti\u00f3 un importante encuentro con<\/p>\n","protected":false},"author":1,"featured_media":108278,"comment_status":"closed","ping_status":"closed","sticky":false,"template":"","format":"standard","meta":{"kia_subtitle":"El intendente de Almirante Brown, Mariano Cascallares, encabez\u00f3 un emotivo encuentro con un grupo de trabajadoras vecinales que recientemente accedieron a su jubilaci\u00f3n, a quienes les agradeci\u00f3 por su \u201cenorme trabajo y por el rol social que cumplen en los barrios\u00a0del distrito\u201d.","footnotes":"","jetpack_publicize_message":"","jetpack_publicize_feature_enabled":true,"jetpack_social_post_already_shared":true,"jetpack_social_options":{"image_generator_settings":{"template":"highway","default_image_id":0,"font":"","enabled":false},"version":2}},"categories":[2,33],"tags":[],"class_list":["post-108277","post","type-post","status-publish","format-standard","has-post-thumbnail","hentry","category-alte-brown","category-alte-brown-alte-brown"],"jetpack_publicize_connections":[],"jetpack_featured_media_url":"https:\/\/laurbedigital.com.ar\/noticias\/wp-content\/uploads\/2024\/08\/202408028-Brown-Cascallares-Jubilados.jpg","_links":{"self":[{"href":"https:\/\/laurbedigital.com.ar\/noticias\/wp-json\/wp\/v2\/posts\/108277","targetHints":{"allow":["GET"]}}],"collection":[{"href":"https:\/\/laurbedigital.com.ar\/noticias\/wp-json\/wp\/v2\/posts"}],"about":[{"href":"https:\/\/laurbedigital.com.ar\/noticias\/wp-json\/wp\/v2\/types\/post"}],"author":[{"embeddable":true,"href":"https:\/\/laurbedigital.com.ar\/noticias\/wp-json\/wp\/v2\/users\/1"}],"replies":[{"embeddable":true,"href":"https:\/\/laurbedigital.com.ar\/noticias\/wp-json\/wp\/v2\/comments?post=108277"}],"version-history":[{"count":1,"href":"https:\/\/laurbedigital.com.ar\/noticias\/wp-json\/wp\/v2\/posts\/108277\/revisions"}],"predecessor-version":[{"id":108280,"href":"https:\/\/laurbedigital.com.ar\/noticias\/wp-json\/wp\/v2\/posts\/108277\/revisions\/108280"}],"wp:featuredmedia":[{"embeddable":true,"href":"https:\/\/laurbedigital.com.ar\/noticias\/wp-json\/wp\/v2\/media\/108278"}],"wp:attachment":[{"href":"https:\/\/laurbedigital.com.ar\/noticias\/wp-json\/wp\/v2\/media?parent=108277"}],"wp:term":[{"taxonomy":"category","embeddable":true,"href":"https:\/\/laurbedigital.com.ar\/noticias\/wp-json\/wp\/v2\/categories?post=108277"},{"taxonomy":"post_tag","embeddable":true,"href":"https:\/\/laurbedigital.com.ar\/noticias\/wp-json\/wp\/v2\/tags?post=108277"}],"curies":[{"name":"wp","href":"https:\/\/api.w.org\/{rel}","templated":true}]}}