{"id":108239,"date":"2024-08-28T00:32:46","date_gmt":"2024-08-28T03:32:46","guid":{"rendered":"https:\/\/laurbedigital.com.ar\/noticias\/?p=108239"},"modified":"2024-08-28T00:32:46","modified_gmt":"2024-08-28T03:32:46","slug":"dia-de-la-ancianidad-en-argentina-por-que-es-celebrado-el-28-de-agosto","status":"publish","type":"post","link":"https:\/\/laurbedigital.com.ar\/noticias\/2024\/08\/28\/dia-de-la-ancianidad-en-argentina-por-que-es-celebrado-el-28-de-agosto\/","title":{"rendered":"D\u00eda de la Ancianidad en Argentina: \u00bfpor qu\u00e9 es celebrado el 28 de agosto?"},"content":{"rendered":"<p>Cada 28 de agosto, Argentina celebra el D\u00eda de la Ancianidad, una jornada dedicada a honrar a las personas mayores y reflexionar sobre el valor que tienen en la sociedad. Esta fecha no solo es un reconocimiento a su contribuci\u00f3n a lo largo de los a\u00f1os, sino tambi\u00e9n una oportunidad para recordar la importancia de proteger y respetar sus derechos.<\/p>\n<p>El origen de esta efem\u00e9ride se remonta a 1948, cuando Eva Per\u00f3n, figura clave en la historia del pa\u00eds, present\u00f3 los \u00abDerechos de la Ancianidad\u00bb en la C\u00e1mara de Diputados de la Naci\u00f3n. Estos derechos, que fueron incluidos en la Constituci\u00f3n de 1949, destacaban la necesidad de brindar a las personas mayores una vida digna, asegurando su salud, su bienestar y su participaci\u00f3n activa en la sociedad. Aunque la Constituci\u00f3n de 1949 fue derogada en 1956, los principios de los Derechos de la Ancianidad continuaron resonando en la conciencia social argentina.<\/p>\n<p>El D\u00eda de la Ancianidad es un recordatorio de que el envejecimiento es una etapa natural de la vida, y como tal, debe ser vivida con plenitud y sin discriminaci\u00f3n. A trav\u00e9s de pol\u00edticas p\u00fablicas y programas sociales, Argentina ha buscado garantizar que sus ciudadanos mayores tengan acceso a servicios de salud adecuados, pensiones justas y espacios de recreaci\u00f3n y participaci\u00f3n social.<\/p>\n<p>Sin embargo, a pesar de los avances, el desaf\u00edo sigue siendo grande. Las personas mayores enfrentan muchas veces situaciones de vulnerabilidad, abandono y falta de cuidados adecuados. En este contexto, el 28 de agosto se convierte en una fecha para renovar el compromiso de la sociedad y del Estado con el bienestar de los ancianos, promoviendo una cultura de respeto, inclusi\u00f3n y solidaridad.<\/p>\n<p>Celebrar el D\u00eda de la Ancianidad el 28 de agosto es una oportunidad para reflexionar sobre el papel de las personas mayores en la sociedad y para trabajar en la construcci\u00f3n de un entorno que les brinde el reconocimiento y el cuidado que merecen. Es un d\u00eda para recordar que cada anciano es un portador de historia, sabidur\u00eda y experiencia, y que, como sociedad, debemos garantizarles una vida digna y plena.<\/p>\n","protected":false},"excerpt":{"rendered":"<p>Cada 28 de agosto, Argentina celebra el D\u00eda de la Ancianidad, una jornada dedicada a honrar a las personas mayores<\/p>\n","protected":false},"author":1,"featured_media":108240,"comment_status":"closed","ping_status":"closed","sticky":false,"template":"","format":"standard","meta":{"kia_subtitle":"El 28 de agosto se conmemora en Argentina el D\u00eda de la Ancianidad, una fecha que rinde homenaje a las personas mayores y recuerda la importancia de garantizar sus derechos, bienestar y dignidad.","footnotes":"","jetpack_publicize_message":"","jetpack_publicize_feature_enabled":true,"jetpack_social_post_already_shared":true,"jetpack_social_options":{"image_generator_settings":{"template":"highway","default_image_id":0,"font":"","enabled":false},"version":2}},"categories":[5,2594],"tags":[],"class_list":["post-108239","post","type-post","status-publish","format-standard","has-post-thumbnail","hentry","category-cultura","category-efemerides"],"jetpack_publicize_connections":[],"jetpack_featured_media_url":"https:\/\/laurbedigital.com.ar\/noticias\/wp-content\/uploads\/2024\/08\/202408028-Abuelos.jpg","_links":{"self":[{"href":"https:\/\/laurbedigital.com.ar\/noticias\/wp-json\/wp\/v2\/posts\/108239","targetHints":{"allow":["GET"]}}],"collection":[{"href":"https:\/\/laurbedigital.com.ar\/noticias\/wp-json\/wp\/v2\/posts"}],"about":[{"href":"https:\/\/laurbedigital.com.ar\/noticias\/wp-json\/wp\/v2\/types\/post"}],"author":[{"embeddable":true,"href":"https:\/\/laurbedigital.com.ar\/noticias\/wp-json\/wp\/v2\/users\/1"}],"replies":[{"embeddable":true,"href":"https:\/\/laurbedigital.com.ar\/noticias\/wp-json\/wp\/v2\/comments?post=108239"}],"version-history":[{"count":1,"href":"https:\/\/laurbedigital.com.ar\/noticias\/wp-json\/wp\/v2\/posts\/108239\/revisions"}],"predecessor-version":[{"id":108241,"href":"https:\/\/laurbedigital.com.ar\/noticias\/wp-json\/wp\/v2\/posts\/108239\/revisions\/108241"}],"wp:featuredmedia":[{"embeddable":true,"href":"https:\/\/laurbedigital.com.ar\/noticias\/wp-json\/wp\/v2\/media\/108240"}],"wp:attachment":[{"href":"https:\/\/laurbedigital.com.ar\/noticias\/wp-json\/wp\/v2\/media?parent=108239"}],"wp:term":[{"taxonomy":"category","embeddable":true,"href":"https:\/\/laurbedigital.com.ar\/noticias\/wp-json\/wp\/v2\/categories?post=108239"},{"taxonomy":"post_tag","embeddable":true,"href":"https:\/\/laurbedigital.com.ar\/noticias\/wp-json\/wp\/v2\/tags?post=108239"}],"curies":[{"name":"wp","href":"https:\/\/api.w.org\/{rel}","templated":true}]}}