{"id":108212,"date":"2024-08-27T18:56:19","date_gmt":"2024-08-27T21:56:19","guid":{"rendered":"https:\/\/laurbedigital.com.ar\/noticias\/?p=108212"},"modified":"2024-08-27T18:56:19","modified_gmt":"2024-08-27T21:56:19","slug":"la-policia-detuvo-a-dos-delincuentes-por-el-robo-a-una-vivienda-de-calzada","status":"publish","type":"post","link":"https:\/\/laurbedigital.com.ar\/noticias\/2024\/08\/27\/la-policia-detuvo-a-dos-delincuentes-por-el-robo-a-una-vivienda-de-calzada\/","title":{"rendered":"La Polic\u00eda detuvo a dos delincuentes por el robo a una vivienda de Calzada"},"content":{"rendered":"<div id=\":ol\" class=\"ii gt\">\n<div id=\":ok\" class=\"a3s aiL \">\n<div>\n<div>\n<div dir=\"ltr\">\n<p>Luego de tareas investigativas y tras cinco allanamientos realizados en Lan\u00fas, Ramos Mej\u00eda, San Vicente y General Rodr\u00edguez, con la intervenci\u00f3n de casi la totalidad de los GTO del distrito, el Grupo de Apoyo Departamental (GAD) e Infanter\u00eda, se procedi\u00f3 a la aprehensi\u00f3n de dos de los sindicados como autores materiales del hecho, ya que fueron cuatro los malvivientes que ingresaron a la fuerza al domicilio mencionado, ubicado en la calle Arturo Illia, y al secuestro de dinero en efectivo, y municiones entre otros elementos.<\/p>\n<p>Solo en una de las requisas, realizada en una vivienda de Ramos Mej\u00eda, se procedi\u00f3 a la incautaci\u00f3n de un total de $326.000 pesos argentinos y 1.230 d\u00f3lares, adem\u00e1s de 27 municiones intactas calibre 9 mm y 14 municiones intactas de calibre 12\/70, guantes, 2 viseras, una barreta, una maza, una tijera corta hierro, precintos, tres tel\u00e9fonos celulares marca Samsung y un veh\u00edculo Toyota Corolla (P.OBY- 246).<\/p>\n<p>Mientras que en los allanamientos llevados adelante en dos domicilios de la localidad de Lan\u00fas se secuestraron un celular marca Iphone perteneciente a una femenina, adem\u00e1s de otros tres dispositivos tambi\u00e9n marca Samsung. En tanto, en el procedimiento ejecutado en una residencia de San Vicente se decomisaron dos celulares m\u00e1s marca LG y Motorola.<\/p>\n<div>Interviene en la causa caratulada como robo calificado por el empleo de arma de fuego en poblado y en banda la Fiscal\u00eda N\u00b0 2 Descentralizada de Almirante Brown, dependiente del Departamento Judicial de Lomas de Zamora.<\/div>\n<div><\/div>\n<div><img loading=\"lazy\" decoding=\"async\" class=\"alignnone size-full wp-image-108214\" src=\"https:\/\/laurbedigital.com.ar\/noticias\/wp-content\/uploads\/2024\/08\/202408027-Brown-policiales-detenidos-1.jpg\" alt=\"\" width=\"768\" height=\"428\" title=\"\" srcset=\"https:\/\/laurbedigital.com.ar\/noticias\/wp-content\/uploads\/2024\/08\/202408027-Brown-policiales-detenidos-1.jpg 768w, https:\/\/laurbedigital.com.ar\/noticias\/wp-content\/uploads\/2024\/08\/202408027-Brown-policiales-detenidos-1-300x167.jpg 300w\" sizes=\"auto, (max-width: 768px) 100vw, 768px\" \/><\/div>\n<h6 dir=\"ltr\"><strong>El intendente Mariano Cascallares indic\u00f3 que \u00aben Almirante Brown seguimos apoyando el trabajo de la Polic\u00eda Bonaerense, que depende del Ministerio de Seguridad de la Provincia de Buenos Aires, mientras sumamos herramientas tecnol\u00f3gicas como las C\u00e1maras de Monitoreo, la App Brown Previene, las Alarmas Comunitarias Municipales y los Corredores Escolares Seguros para cuidar a nuestros vecinos\u00bb.<\/strong><\/h6>\n<\/div>\n<\/div>\n<\/div>\n<\/div>\n<div class=\"yj6qo\"><\/div>\n<div class=\"yj6qo\"><\/div>\n<div class=\"yj6qo\"><\/div>\n<\/div>\n<div id=\":q1\" class=\"hq gt\"><\/div>\n","protected":false},"excerpt":{"rendered":"<p>Luego de tareas investigativas y tras cinco allanamientos realizados en Lan\u00fas, Ramos Mej\u00eda, San Vicente y General Rodr\u00edguez, con la<\/p>\n","protected":false},"author":1,"featured_media":108213,"comment_status":"closed","ping_status":"closed","sticky":false,"template":"","format":"standard","meta":{"kia_subtitle":"La Polic\u00eda de la Provincia de Buenos Aires detuvo en las \u00faltimas horas a dos masculinos mayores de edad por el robo a mano armada de 1 mill\u00f3n de pesos, ocurrido el pasado 1\u00b0 de agosto en una vivienda de la localidad de Rafael Calzada.","footnotes":"","jetpack_publicize_message":"","jetpack_publicize_feature_enabled":true,"jetpack_social_post_already_shared":true,"jetpack_social_options":{"image_generator_settings":{"template":"highway","default_image_id":0,"font":"","enabled":false},"version":2}},"categories":[2,33],"tags":[],"class_list":["post-108212","post","type-post","status-publish","format-standard","has-post-thumbnail","hentry","category-alte-brown","category-alte-brown-alte-brown"],"jetpack_publicize_connections":[],"jetpack_featured_media_url":"https:\/\/laurbedigital.com.ar\/noticias\/wp-content\/uploads\/2024\/08\/202408027-Brown-policiales-detenidos.jpg","_links":{"self":[{"href":"https:\/\/laurbedigital.com.ar\/noticias\/wp-json\/wp\/v2\/posts\/108212","targetHints":{"allow":["GET"]}}],"collection":[{"href":"https:\/\/laurbedigital.com.ar\/noticias\/wp-json\/wp\/v2\/posts"}],"about":[{"href":"https:\/\/laurbedigital.com.ar\/noticias\/wp-json\/wp\/v2\/types\/post"}],"author":[{"embeddable":true,"href":"https:\/\/laurbedigital.com.ar\/noticias\/wp-json\/wp\/v2\/users\/1"}],"replies":[{"embeddable":true,"href":"https:\/\/laurbedigital.com.ar\/noticias\/wp-json\/wp\/v2\/comments?post=108212"}],"version-history":[{"count":1,"href":"https:\/\/laurbedigital.com.ar\/noticias\/wp-json\/wp\/v2\/posts\/108212\/revisions"}],"predecessor-version":[{"id":108215,"href":"https:\/\/laurbedigital.com.ar\/noticias\/wp-json\/wp\/v2\/posts\/108212\/revisions\/108215"}],"wp:featuredmedia":[{"embeddable":true,"href":"https:\/\/laurbedigital.com.ar\/noticias\/wp-json\/wp\/v2\/media\/108213"}],"wp:attachment":[{"href":"https:\/\/laurbedigital.com.ar\/noticias\/wp-json\/wp\/v2\/media?parent=108212"}],"wp:term":[{"taxonomy":"category","embeddable":true,"href":"https:\/\/laurbedigital.com.ar\/noticias\/wp-json\/wp\/v2\/categories?post=108212"},{"taxonomy":"post_tag","embeddable":true,"href":"https:\/\/laurbedigital.com.ar\/noticias\/wp-json\/wp\/v2\/tags?post=108212"}],"curies":[{"name":"wp","href":"https:\/\/api.w.org\/{rel}","templated":true}]}}