{"id":108186,"date":"2024-08-26T20:35:44","date_gmt":"2024-08-26T23:35:44","guid":{"rendered":"https:\/\/laurbedigital.com.ar\/noticias\/?p=108186"},"modified":"2024-08-26T20:35:44","modified_gmt":"2024-08-26T23:35:44","slug":"en-alte-brown-el-municipio-la-unab-y-la-justicia-brindan-herramientas-para-el-proceso-de-adopcion","status":"publish","type":"post","link":"https:\/\/laurbedigital.com.ar\/noticias\/2024\/08\/26\/en-alte-brown-el-municipio-la-unab-y-la-justicia-brindan-herramientas-para-el-proceso-de-adopcion\/","title":{"rendered":"En Alte Brown el Municipio, la Unab y la Justicia brindan herramientas para el proceso de adopci\u00f3n"},"content":{"rendered":"<p>La jornada fue organizada por el Municipio, el Hogar El Alba, la Fundaci\u00f3n Causa Com\u00fan y la Universidad Nacional Guillermo Brown (UNAB) en el marco del mes de la ni\u00f1ez y del programa \u201cBrown Protege\u201d lanzado por la comuna recientemente.<\/p>\n<p>La misma cont\u00f3 con la presencia del presidente del Concejo Deliberante, Nicol\u00e1s Jawtuschenko; y las disertantes Bel\u00e9n Loguercio jueza de Familia del Juzgado N\u00b0 2 de Lomas de Zamora; la directora del Registro Central de aspirantes a guarda con fines de adopci\u00f3n de la Provincia de Buenos Aires, Dra. Claudia Portillo; la directora del Hogar El Alba, Dra. Karina Cittadino y la licenciada, Carina Minaverry tambi\u00e9n del equipo t\u00e9cnico de la mencionada instituci\u00f3n.<\/p>\n<p>En la oportunidad, las oradoras se refirieron a las diferentes instancias que incluye el proceso de guarda y adopci\u00f3n; c\u00f3mo iniciar el tr\u00e1mite con la inscripci\u00f3n gratuita &#8211; que no requiere de intermediarios o ayuda profesional- en el registro \u00fanico de aspirantes; cu\u00e1les son los requisitos para postularse; las etapas evaluativas para conocer la capacidad parental\u00a0\u00a0adoptiva de los interesados; adem\u00e1s de la importancia del inter\u00e9s superior de los ni\u00f1os, ni\u00f1as y adolescentes y de garantizarles el derecho a vivir y desarrollarse en una familia.<\/p>\n<p>El objetivo del encuentro fue brindar una visi\u00f3n integral de la tem\u00e1tica, y para ello, las profesionales tambi\u00e9n explicaron cu\u00e1ndo los ni\u00f1os o adolescentes est\u00e1n en situaci\u00f3n de adoptabilidad. Y desmitificaron la adopci\u00f3n, alentando a los presentes a qu\u00e9 repliquen lo que saben respecto de ella, una instituci\u00f3n jur\u00eddica que tiene como fin proteger los derechos de los ni\u00f1os.<\/p>\n<p>En este sentido, destacaron que en la provincia de Buenos Aires hay 4 mil chicos a la espera de ser adoptados y que solo son 450 los inscriptos. Aclararon tambi\u00e9n que no hay un tiempo de espera determinado pero que la inscripci\u00f3n es necesaria para postularse, aunque ello no implica que todos los inscriptos resulten seleccionados para adoptar.<\/p>\n<p>Adem\u00e1s, expusieron respecto de las convocatorias p\u00fablicas dirigidas a familias tambi\u00e9n interesadas en adoptar y de algunos de los aspectos que caracterizan al Hogar El Alba, ubicado en la localidad de Longchamps, que alberga y protege a ni\u00f1os en situaci\u00f3n de riesgo social.<\/p>\n<p><strong>En la oportunidad, Cascallares destac\u00f3 la importancia de \u201chablar de adopci\u00f3n\u201d para desmitificar y brindar herramientas a las familias que quieren adoptar. En ese sentido, agradeci\u00f3 el trabajo de todos los que intervinieron en la concreci\u00f3n de la charla informativa, realizada en el marco del plan \u00abBrown Protege\u00bb que tiene como objetivo ordenar y planificar m\u00faltiples acciones para garantizar los derechos de los ni\u00f1os, ni\u00f1as y adolescentes de Almirante Brown.<\/strong><\/p>\n<p><img loading=\"lazy\" decoding=\"async\" class=\"alignnone size-full wp-image-108188\" src=\"https:\/\/laurbedigital.com.ar\/noticias\/wp-content\/uploads\/2024\/08\/20240826-Brown-Adopcion1.jpg\" alt=\"\" width=\"768\" height=\"428\" title=\"\" srcset=\"https:\/\/laurbedigital.com.ar\/noticias\/wp-content\/uploads\/2024\/08\/20240826-Brown-Adopcion1.jpg 768w, https:\/\/laurbedigital.com.ar\/noticias\/wp-content\/uploads\/2024\/08\/20240826-Brown-Adopcion1-300x167.jpg 300w\" sizes=\"auto, (max-width: 768px) 100vw, 768px\" \/><\/p>\n<p>Los interesados en adoptar pueden obtener m\u00e1s informaci\u00f3n a trav\u00e9s del sitio\u00a0<span lang=\"ES-AR\"><a href=\"http:\/\/www.scba.gov.ar\/\" target=\"_blank\" rel=\"nofollow noopener\" data-saferedirecturl=\"https:\/\/www.google.com\/url?q=http:\/\/www.scba.gov.ar\/&amp;source=gmail&amp;ust=1724790909223000&amp;usg=AOvVaw3Os6IMayRYNiF6fosfSssf\"><span lang=\"ES\">www.scba.gov.ar<\/span><\/a><\/span>. Desde all\u00ed se podr\u00e1 acceder al registro central de aspirantes a guarda con fines de adopci\u00f3n y completar el formulario correspondiente.<\/p>\n<p>Participaron de la jornada la secretaria de Desarrollo, Seguridad Social y Derechos Humanos local, B\u00e1rbara Mi\u00f1\u00e1n; su par de Seguridad, Paula Eichel; el secretario de Educaci\u00f3n, Ciencia y Tecnolog\u00eda, Sergio Pianciola; el secretario de Extensi\u00f3n y Bienestar de la UNAB, Ignacio Jawtuschenko, adem\u00e1s de la jueza del poder judicial bonaerense, Dra. Marta Pascual, y en representaci\u00f3n de la direcci\u00f3n del Colegio de Abogados de Lomas de Zamora, Dr. Marcelo P\u00e9rez, entre otros.<\/p>\n","protected":false},"excerpt":{"rendered":"<p>La jornada fue organizada por el Municipio, el Hogar El Alba, la Fundaci\u00f3n Causa Com\u00fan y la Universidad Nacional Guillermo<\/p>\n","protected":false},"author":1,"featured_media":108187,"comment_status":"closed","ping_status":"closed","sticky":false,"template":"","format":"standard","meta":{"kia_subtitle":"El intendente de Almirante Brown, Mariano Cascallares particip\u00f3 de la charla informativa \u201cHablemos de Adopci\u00f3n: El Derecho de Ni\u00f1os y Ni\u00f1as a tener una Familia\u201d, que tuvo lugar en la Casa Municipal de la Cultura con el objetivo de desmitificar y descubrir las realidades del proceso adoptivo y brindar herramientas de gu\u00eda para quienes quieran inscribirse en el registro de adoptantes.","footnotes":"","jetpack_publicize_message":"","jetpack_publicize_feature_enabled":true,"jetpack_social_post_already_shared":true,"jetpack_social_options":{"image_generator_settings":{"template":"highway","default_image_id":0,"font":"","enabled":false},"version":2}},"categories":[2,33],"tags":[],"class_list":["post-108186","post","type-post","status-publish","format-standard","has-post-thumbnail","hentry","category-alte-brown","category-alte-brown-alte-brown"],"jetpack_publicize_connections":[],"jetpack_featured_media_url":"https:\/\/laurbedigital.com.ar\/noticias\/wp-content\/uploads\/2024\/08\/20240826-Brown-Adopcion.jpg","_links":{"self":[{"href":"https:\/\/laurbedigital.com.ar\/noticias\/wp-json\/wp\/v2\/posts\/108186","targetHints":{"allow":["GET"]}}],"collection":[{"href":"https:\/\/laurbedigital.com.ar\/noticias\/wp-json\/wp\/v2\/posts"}],"about":[{"href":"https:\/\/laurbedigital.com.ar\/noticias\/wp-json\/wp\/v2\/types\/post"}],"author":[{"embeddable":true,"href":"https:\/\/laurbedigital.com.ar\/noticias\/wp-json\/wp\/v2\/users\/1"}],"replies":[{"embeddable":true,"href":"https:\/\/laurbedigital.com.ar\/noticias\/wp-json\/wp\/v2\/comments?post=108186"}],"version-history":[{"count":1,"href":"https:\/\/laurbedigital.com.ar\/noticias\/wp-json\/wp\/v2\/posts\/108186\/revisions"}],"predecessor-version":[{"id":108189,"href":"https:\/\/laurbedigital.com.ar\/noticias\/wp-json\/wp\/v2\/posts\/108186\/revisions\/108189"}],"wp:featuredmedia":[{"embeddable":true,"href":"https:\/\/laurbedigital.com.ar\/noticias\/wp-json\/wp\/v2\/media\/108187"}],"wp:attachment":[{"href":"https:\/\/laurbedigital.com.ar\/noticias\/wp-json\/wp\/v2\/media?parent=108186"}],"wp:term":[{"taxonomy":"category","embeddable":true,"href":"https:\/\/laurbedigital.com.ar\/noticias\/wp-json\/wp\/v2\/categories?post=108186"},{"taxonomy":"post_tag","embeddable":true,"href":"https:\/\/laurbedigital.com.ar\/noticias\/wp-json\/wp\/v2\/tags?post=108186"}],"curies":[{"name":"wp","href":"https:\/\/api.w.org\/{rel}","templated":true}]}}