{"id":108129,"date":"2024-08-24T00:08:28","date_gmt":"2024-08-24T03:08:28","guid":{"rendered":"https:\/\/laurbedigital.com.ar\/noticias\/?p=108129"},"modified":"2024-08-24T00:08:28","modified_gmt":"2024-08-24T03:08:28","slug":"cascallares-participo-junto-a-400-estudiantes-de-una-jornada-de-debate-para-potenciar-la-educacion-secundaria","status":"publish","type":"post","link":"https:\/\/laurbedigital.com.ar\/noticias\/2024\/08\/24\/cascallares-participo-junto-a-400-estudiantes-de-una-jornada-de-debate-para-potenciar-la-educacion-secundaria\/","title":{"rendered":"Cascallares particip\u00f3 junto a 400 estudiantes de una jornada de debate para potenciar la educaci\u00f3n secundaria"},"content":{"rendered":"<p>La jornada se llev\u00f3 adelante en la Casa de la Cultura donde Cascallares dio la bienvenida a estudiantes pertenecientes de 39 escuelas de gesti\u00f3n estatal y privada, quienes se dividieron luego en comisiones para abordar distintos ejes como inclusi\u00f3n educativa, g\u00e9nero, DDHH, participaci\u00f3n ciudadana, j\u00f3venes y trabajo, comunicaci\u00f3n y medios, ambiente e integraci\u00f3n regional.<\/p>\n<h6>\u201cNos pone muy felices ver la participaci\u00f3n y el compromiso de nuestras juventudes para compartir experiencias y proponer mejoras en el sistema educativo secundario porque estamos convencidos de que m\u00e1s que el futuro, son nuestro presente\u201d, sostuvo Mariano Cascallares.<\/h6>\n<p><img loading=\"lazy\" decoding=\"async\" class=\"alignnone size-full wp-image-108123\" src=\"https:\/\/laurbedigital.com.ar\/noticias\/wp-content\/uploads\/2024\/08\/202408023-BROWN-Cascallres.jpg\" alt=\"\" width=\"768\" height=\"428\" title=\"\" srcset=\"https:\/\/laurbedigital.com.ar\/noticias\/wp-content\/uploads\/2024\/08\/202408023-BROWN-Cascallres.jpg 768w, https:\/\/laurbedigital.com.ar\/noticias\/wp-content\/uploads\/2024\/08\/202408023-BROWN-Cascallres-300x167.jpg 300w\" sizes=\"auto, (max-width: 768px) 100vw, 768px\" \/><\/p>\n<p>La actividad fue una instancia previa antes del\u00a0Parlamento\u00a0Juvenil del Mercosur (PJM), un programa provincial que consiste en el encuentro, la exposici\u00f3n y debate de estudiantes de nivel secundario representantes de instituciones educativas de toda la Provincia de Buenos Aires.<\/p>\n<p>En este sentido, la propuesta \u2013pensada para j\u00f3venes entre 14 y 18 a\u00f1os- tiene como objetivo abordar temas vinculados con la vida presente y futura de las y los j\u00f3venes, permiti\u00e9ndoles la construcci\u00f3n de un posicionamiento propio mediante la elaboraci\u00f3n de propuestas comunes.<\/p>\n<p>Con tales fines, el PJM busca promover la inclusi\u00f3n e intercambio de experiencias y fortalecer los trayectos educativos en pos de mejorar la educaci\u00f3n secundaria, adem\u00e1s de fomentar la tarea investigativa, anal\u00edtica de distintas problem\u00e1ticas y ejes que hacen a la vida educativa de la comunidad.<\/p>\n<p>Participaron tambi\u00e9n el secretario de Educaci\u00f3n, Ciencia y Tecnolog\u00eda, Sergio Pianciola; la subsecretaria de Educaci\u00f3n, Mar\u00eda Gabriela Vranic; la directora del Instituto Municipal de las juventudes, Daniela Se\u00f1orelli; y la jefa Distrital de Inspecci\u00f3n Escolar, M\u00f3nica V\u00e1zquez.<\/p>\n","protected":false},"excerpt":{"rendered":"<p>La jornada se llev\u00f3 adelante en la Casa de la Cultura donde Cascallares dio la bienvenida a estudiantes pertenecientes de<\/p>\n","protected":false},"author":1,"featured_media":108124,"comment_status":"closed","ping_status":"closed","sticky":false,"template":"","format":"standard","meta":{"kia_subtitle":"El intendente de Almirante Brown, Mariano Cascallares, encabez\u00f3 la apertura del Pre\u00a0Parlamento\u00a0Juvenil del Mercosur junto a 400 de nuestro distrito, en el marco de un programa provincial destinado a fortalecer las trayectorias educativas mediante espacios que promuevan la vida democr\u00e1tica, los derechos humanos y la conciencia social.","footnotes":"","jetpack_publicize_message":"","jetpack_publicize_feature_enabled":true,"jetpack_social_post_already_shared":true,"jetpack_social_options":{"image_generator_settings":{"template":"highway","default_image_id":0,"font":"","enabled":false},"version":2}},"categories":[2,33],"tags":[],"class_list":["post-108129","post","type-post","status-publish","format-standard","has-post-thumbnail","hentry","category-alte-brown","category-alte-brown-alte-brown"],"jetpack_publicize_connections":[],"jetpack_featured_media_url":"https:\/\/laurbedigital.com.ar\/noticias\/wp-content\/uploads\/2024\/08\/202408023-BROWN-Cascallres1.jpg","_links":{"self":[{"href":"https:\/\/laurbedigital.com.ar\/noticias\/wp-json\/wp\/v2\/posts\/108129","targetHints":{"allow":["GET"]}}],"collection":[{"href":"https:\/\/laurbedigital.com.ar\/noticias\/wp-json\/wp\/v2\/posts"}],"about":[{"href":"https:\/\/laurbedigital.com.ar\/noticias\/wp-json\/wp\/v2\/types\/post"}],"author":[{"embeddable":true,"href":"https:\/\/laurbedigital.com.ar\/noticias\/wp-json\/wp\/v2\/users\/1"}],"replies":[{"embeddable":true,"href":"https:\/\/laurbedigital.com.ar\/noticias\/wp-json\/wp\/v2\/comments?post=108129"}],"version-history":[{"count":1,"href":"https:\/\/laurbedigital.com.ar\/noticias\/wp-json\/wp\/v2\/posts\/108129\/revisions"}],"predecessor-version":[{"id":108130,"href":"https:\/\/laurbedigital.com.ar\/noticias\/wp-json\/wp\/v2\/posts\/108129\/revisions\/108130"}],"wp:featuredmedia":[{"embeddable":true,"href":"https:\/\/laurbedigital.com.ar\/noticias\/wp-json\/wp\/v2\/media\/108124"}],"wp:attachment":[{"href":"https:\/\/laurbedigital.com.ar\/noticias\/wp-json\/wp\/v2\/media?parent=108129"}],"wp:term":[{"taxonomy":"category","embeddable":true,"href":"https:\/\/laurbedigital.com.ar\/noticias\/wp-json\/wp\/v2\/categories?post=108129"},{"taxonomy":"post_tag","embeddable":true,"href":"https:\/\/laurbedigital.com.ar\/noticias\/wp-json\/wp\/v2\/tags?post=108129"}],"curies":[{"name":"wp","href":"https:\/\/api.w.org\/{rel}","templated":true}]}}