{"id":108120,"date":"2024-08-23T23:53:41","date_gmt":"2024-08-24T02:53:41","guid":{"rendered":"https:\/\/laurbedigital.com.ar\/noticias\/?p=108120"},"modified":"2024-08-23T23:53:41","modified_gmt":"2024-08-24T02:53:41","slug":"primer-caso-autoctono-de-viruela-del-mono-en-argentina-un-joven-de-22-anos-en-aislamiento","status":"publish","type":"post","link":"https:\/\/laurbedigital.com.ar\/noticias\/2024\/08\/23\/primer-caso-autoctono-de-viruela-del-mono-en-argentina-un-joven-de-22-anos-en-aislamiento\/","title":{"rendered":"Primer caso aut\u00f3ctono de viruela del mono en argentina: un joven de 22 a\u00f1os en aislamiento"},"content":{"rendered":"<p>En un contexto de alerta mundial por la viruela del mono, Argentina ha registrado su primer caso aut\u00f3ctono de la enfermedad. El Municipio de San Isidro ha informado que un joven de 22 a\u00f1os, sin antecedentes de viaje, ha dado positivo por el virus. Actualmente, el paciente se encuentra en aislamiento en su domicilio bajo supervisi\u00f3n m\u00e9dica.<\/p>\n<p>El joven, residente en San Isidro, acudi\u00f3 al Hospital Municipal de Boulogne presentando s\u00edntomas compatibles con la viruela del mono. Ante la sospecha, se tomaron muestras que fueron enviadas al Instituto Malbr\u00e1n, donde se confirm\u00f3 la presencia del virus. A partir de ese momento, se orden\u00f3 su aislamiento hasta que las lesiones cut\u00e1neas se curen por completo.<\/p>\n<p>Este caso se produce en un momento cr\u00edtico, tras la declaraci\u00f3n de emergencia m\u00e9dica mundial por parte de la Organizaci\u00f3n Mundial de la Salud (OMS) debido al brote de viruela del mono en varias regiones de \u00c1frica. A diferencia de otros casos recientes en Argentina, donde los pacientes ten\u00edan antecedentes de viajes internacionales, este caso marca un punto de inflexi\u00f3n al no estar relacionado con un viaje previo, lo que sugiere una posible transmisi\u00f3n local del virus.<\/p>\n<p>El Ministerio de Salud de la Provincia de Buenos Aires tambi\u00e9n hab\u00eda reportado previamente dos casos de viruela s\u00edmica en hombres de 34 y 25 a\u00f1os, ambos residentes en la regi\u00f3n del \u00c1rea Metropolitana de Buenos Aires (AMBA). Sin embargo, estos casos a\u00fan est\u00e1n bajo investigaci\u00f3n para determinar la cepa exacta del virus. Uno de los pacientes hab\u00eda viajado a M\u00e9xico, mientras que el otro hab\u00eda estado en contacto con un viajero procedente de Brasil.<\/p>\n<h4><strong>C\u00f3mo se transmite la viruela del mono<\/strong><\/h4>\n<p>Aunque la viruela del mono, o mpox, se asocia principalmente con la transmisi\u00f3n sexual, esta no es la \u00fanica v\u00eda de contagio entre humanos. El virus puede propagarse a trav\u00e9s del contacto cercano con una persona infectada, ingresando al cuerpo a trav\u00e9s de la piel lesionada, las v\u00edas respiratorias o las mucosas de los ojos, la nariz o la boca. Adem\u00e1s, puede transmitirse al tocar objetos contaminados, como ropa de cama, prendas de vestir o toallas, o al entrar en contacto con animales infectados, como monos, ratas o ardillas.<\/p>\n<h4><strong>S\u00edntomas<\/strong><\/h4>\n<p>Seg\u00fan la OMS, los s\u00edntomas de la viruela del mono suelen aparecer una semana despu\u00e9s de la exposici\u00f3n y pueden durar de 2 a 4 semanas. Entre los s\u00edntomas m\u00e1s comunes se encuentran erupciones cut\u00e1neas, fiebre, dolor de garganta, dolores musculares y ganglios linf\u00e1ticos inflamados. Las erupciones evolucionan desde manchas hasta ves\u00edculas llenas de l\u00edquido, que al cicatrizar, se secan y forman costras.<\/p>\n","protected":false},"excerpt":{"rendered":"<p>En un contexto de alerta mundial por la viruela del mono, Argentina ha registrado su primer caso aut\u00f3ctono de la<\/p>\n","protected":false},"author":1,"featured_media":77158,"comment_status":"closed","ping_status":"closed","sticky":false,"template":"","format":"standard","meta":{"kia_subtitle":"San Isidro confirma el primer caso aut\u00f3ctono de viruela del mono en el pa\u00eds. Se trata de un joven sin antecedentes de viaje, que se encuentra en aislamiento domiciliario.","footnotes":"","jetpack_publicize_message":"","jetpack_publicize_feature_enabled":true,"jetpack_social_post_already_shared":true,"jetpack_social_options":{"image_generator_settings":{"template":"highway","default_image_id":0,"font":"","enabled":false},"version":2}},"categories":[3,15,70],"tags":[],"class_list":["post-108120","post","type-post","status-publish","format-standard","has-post-thumbnail","hentry","category-actualidad","category-tendencias","category-salud"],"jetpack_publicize_connections":[],"jetpack_featured_media_url":"https:\/\/laurbedigital.com.ar\/noticias\/wp-content\/uploads\/2022\/06\/20220605-Viruela.jpg","_links":{"self":[{"href":"https:\/\/laurbedigital.com.ar\/noticias\/wp-json\/wp\/v2\/posts\/108120","targetHints":{"allow":["GET"]}}],"collection":[{"href":"https:\/\/laurbedigital.com.ar\/noticias\/wp-json\/wp\/v2\/posts"}],"about":[{"href":"https:\/\/laurbedigital.com.ar\/noticias\/wp-json\/wp\/v2\/types\/post"}],"author":[{"embeddable":true,"href":"https:\/\/laurbedigital.com.ar\/noticias\/wp-json\/wp\/v2\/users\/1"}],"replies":[{"embeddable":true,"href":"https:\/\/laurbedigital.com.ar\/noticias\/wp-json\/wp\/v2\/comments?post=108120"}],"version-history":[{"count":1,"href":"https:\/\/laurbedigital.com.ar\/noticias\/wp-json\/wp\/v2\/posts\/108120\/revisions"}],"predecessor-version":[{"id":108121,"href":"https:\/\/laurbedigital.com.ar\/noticias\/wp-json\/wp\/v2\/posts\/108120\/revisions\/108121"}],"wp:featuredmedia":[{"embeddable":true,"href":"https:\/\/laurbedigital.com.ar\/noticias\/wp-json\/wp\/v2\/media\/77158"}],"wp:attachment":[{"href":"https:\/\/laurbedigital.com.ar\/noticias\/wp-json\/wp\/v2\/media?parent=108120"}],"wp:term":[{"taxonomy":"category","embeddable":true,"href":"https:\/\/laurbedigital.com.ar\/noticias\/wp-json\/wp\/v2\/categories?post=108120"},{"taxonomy":"post_tag","embeddable":true,"href":"https:\/\/laurbedigital.com.ar\/noticias\/wp-json\/wp\/v2\/tags?post=108120"}],"curies":[{"name":"wp","href":"https:\/\/api.w.org\/{rel}","templated":true}]}}