{"id":108037,"date":"2024-08-22T01:33:15","date_gmt":"2024-08-22T04:33:15","guid":{"rendered":"https:\/\/laurbedigital.com.ar\/noticias\/?p=108037"},"modified":"2024-08-22T01:33:15","modified_gmt":"2024-08-22T04:33:15","slug":"fernando-burlando-critica-duramente-al-poder-en-corrientes-por-el-caso-loan-pena","status":"publish","type":"post","link":"https:\/\/laurbedigital.com.ar\/noticias\/2024\/08\/22\/fernando-burlando-critica-duramente-al-poder-en-corrientes-por-el-caso-loan-pena\/","title":{"rendered":"Fernando Burlando critica duramente al poder en Corrientes por el caso Loan Pe\u00f1a"},"content":{"rendered":"<p>Fernando Burlando, abogado de la familia de Loan Pe\u00f1a, el ni\u00f1o de 5 a\u00f1os desaparecido en Corrientes, arremeti\u00f3 contra las autoridades locales, responsabiliz\u00e1ndolas por la falta de avances en la investigaci\u00f3n. Burlando destac\u00f3 que la causa se encuentra en un estado de \u201cdesorientaci\u00f3n\u201d y afirm\u00f3 que las trabas puestas por el poder local son el mayor impedimento para resolver el caso.<\/p>\n<p>En sus declaraciones, Fernando Burlando fue contundente al se\u00f1alar que la mayor dificultad en la investigaci\u00f3n por la desaparici\u00f3n de Loan Pe\u00f1a proviene del propio poder en Corrientes. \u201cEs el poder nefasto que se orina en toda la gente humilde. Ese es el problema de Corrientes. Viven bien solamente unos y la ley la interpretan solo para ellos\u201d, denunci\u00f3 el abogado, visiblemente molesto por la falta de resultados en la b\u00fasqueda del ni\u00f1o.<\/p>\n<p>Burlando explic\u00f3 que, desde el comienzo, la investigaci\u00f3n ha estado plagada de obst\u00e1culos y que, a pesar de los esfuerzos, la causa no ha avanzado como se esperaba. \u201cNos cuesta mucho encaminar, proponer medidas y que se realicen. Es una tarea mucho m\u00e1s complicada de lo que pensamos\u201d, afirm\u00f3. El abogado no solo se mostr\u00f3 cr\u00edtico con las autoridades provinciales, sino tambi\u00e9n con la actuaci\u00f3n de la Justicia Federal, que seg\u00fan \u00e9l, ha triplicado el tiempo que el caso estuvo en la \u00f3rbita provincial sin obtener resultados significativos.<\/p>\n<p>El abogado fue particularmente duro con la jueza Cristina Pozzer Penzo, responsable de la causa. \u201cEstamos muy disgustados con una investigaci\u00f3n que est\u00e1 en un limbo, desorientada\u201d, manifest\u00f3 Burlando, reflejando el estado de desesperaci\u00f3n e impotencia de la familia Pe\u00f1a ante la falta de respuestas.<\/p>\n<p>A pesar de los obst\u00e1culos, Burlando asegur\u00f3 que la familia y \u00e9l continuar\u00e1n la b\u00fasqueda hasta dar con Loan. \u201cVamos a seguir hasta al final y a denunciar a quien tengamos que denunciar. Vamos a seguir, mientras respiremos, hasta el \u00faltimo momento para buscar y dar con Loan\u201d, prometi\u00f3.<\/p>\n<p>La desaparici\u00f3n de Loan Pe\u00f1a ha puesto en evidencia las profundas falencias en el sistema judicial y la influencia del poder en Corrientes. Mientras la familia contin\u00faa en su incansable lucha por encontrar al ni\u00f1o, las cr\u00edticas de Burlando resuenan como un fuerte llamado de atenci\u00f3n sobre la necesidad de transparencia y justicia en un caso que, hasta el momento, solo ha dejado incertidumbre y dolor.<\/p>\n","protected":false},"excerpt":{"rendered":"<p>Fernando Burlando, abogado de la familia de Loan Pe\u00f1a, el ni\u00f1o de 5 a\u00f1os desaparecido en Corrientes, arremeti\u00f3 contra las<\/p>\n","protected":false},"author":1,"featured_media":22819,"comment_status":"closed","ping_status":"closed","sticky":false,"template":"","format":"standard","meta":{"kia_subtitle":"El abogado denunci\u00f3 la falta de avances en la investigaci\u00f3n por la desaparici\u00f3n de Loan Pe\u00f1a, un ni\u00f1o de 5 a\u00f1os, y se\u00f1al\u00f3 al poder local como el mayor obst\u00e1culo en la b\u00fasqueda.","footnotes":"","jetpack_publicize_message":"","jetpack_publicize_feature_enabled":true,"jetpack_social_post_already_shared":true,"jetpack_social_options":{"image_generator_settings":{"template":"highway","default_image_id":0,"font":"","enabled":false},"version":2}},"categories":[8],"tags":[],"class_list":["post-108037","post","type-post","status-publish","format-standard","has-post-thumbnail","hentry","category-policiales"],"jetpack_publicize_connections":[],"jetpack_featured_media_url":"https:\/\/laurbedigital.com.ar\/noticias\/wp-content\/uploads\/2020\/02\/20200220-policiales-burlando-00002.jpg","_links":{"self":[{"href":"https:\/\/laurbedigital.com.ar\/noticias\/wp-json\/wp\/v2\/posts\/108037","targetHints":{"allow":["GET"]}}],"collection":[{"href":"https:\/\/laurbedigital.com.ar\/noticias\/wp-json\/wp\/v2\/posts"}],"about":[{"href":"https:\/\/laurbedigital.com.ar\/noticias\/wp-json\/wp\/v2\/types\/post"}],"author":[{"embeddable":true,"href":"https:\/\/laurbedigital.com.ar\/noticias\/wp-json\/wp\/v2\/users\/1"}],"replies":[{"embeddable":true,"href":"https:\/\/laurbedigital.com.ar\/noticias\/wp-json\/wp\/v2\/comments?post=108037"}],"version-history":[{"count":2,"href":"https:\/\/laurbedigital.com.ar\/noticias\/wp-json\/wp\/v2\/posts\/108037\/revisions"}],"predecessor-version":[{"id":108039,"href":"https:\/\/laurbedigital.com.ar\/noticias\/wp-json\/wp\/v2\/posts\/108037\/revisions\/108039"}],"wp:featuredmedia":[{"embeddable":true,"href":"https:\/\/laurbedigital.com.ar\/noticias\/wp-json\/wp\/v2\/media\/22819"}],"wp:attachment":[{"href":"https:\/\/laurbedigital.com.ar\/noticias\/wp-json\/wp\/v2\/media?parent=108037"}],"wp:term":[{"taxonomy":"category","embeddable":true,"href":"https:\/\/laurbedigital.com.ar\/noticias\/wp-json\/wp\/v2\/categories?post=108037"},{"taxonomy":"post_tag","embeddable":true,"href":"https:\/\/laurbedigital.com.ar\/noticias\/wp-json\/wp\/v2\/tags?post=108037"}],"curies":[{"name":"wp","href":"https:\/\/api.w.org\/{rel}","templated":true}]}}