{"id":107682,"date":"2024-08-10T03:00:55","date_gmt":"2024-08-10T06:00:55","guid":{"rendered":"https:\/\/laurbedigital.com.ar\/noticias\/?p=107682"},"modified":"2024-08-10T03:00:55","modified_gmt":"2024-08-10T06:00:55","slug":"dia-internacional-del-biodiesel","status":"publish","type":"post","link":"https:\/\/laurbedigital.com.ar\/noticias\/2024\/08\/10\/dia-internacional-del-biodiesel\/","title":{"rendered":"D\u00eda Internacional del Biodi\u00e9sel"},"content":{"rendered":"<p>El 10 de agosto de 2024 se celebra el D\u00eda Internacional del Biodi\u00e9sel, una fecha que resalta la importancia de este biocombustible como alternativa sostenible al petr\u00f3leo. Con un mundo cada vez m\u00e1s enfocado en reducir las emisiones de carbono, el biodi\u00e9sel emerge como una soluci\u00f3n clave en la transici\u00f3n hacia energ\u00edas m\u00e1s limpias y renovables. Producido a partir de aceites de vegetales, grasas animales y residuos, este biocombustible no solo ayuda a disminuir la dependencia de los combustibles f\u00f3siles, sino que tambi\u00e9n promueve una econom\u00eda circular al utilizar materiales que, de otro modo, ser\u00edan desechados.<\/p>\n<p>En los \u00faltimos a\u00f1os, la adopci\u00f3n del biodi\u00e9sel ha crecido considerablemente, impulsada por pol\u00edticas gubernamentales que fomentan su uso y por el creciente inter\u00e9s de empresas y consumidores en soluciones energ\u00e9ticas m\u00e1s responsables. Este desarrollo ha sido particularmente notable en sectores como el transporte, donde el biodi\u00e9sel se utiliza para reducir las emisiones de gases de efecto invernadero en comparaci\u00f3n con los combustibles convencionales.<\/p>\n<p>La celebraci\u00f3n de este d\u00eda busca no solo promover el uso del biodi\u00e9sel, sino tambi\u00e9n concientizar sobre los beneficios ambientales y econ\u00f3micos que ofrece. A trav\u00e9s de conferencias, talleres y campa\u00f1as de sensibilizaci\u00f3n, se intenta educar a la poblaci\u00f3n sobre la importancia de adoptar pr\u00e1cticas m\u00e1s sostenibles en el consumo de energ\u00eda. Adem\u00e1s, se destaca el papel crucial que juegan la investigaci\u00f3n y la innovaci\u00f3n en la mejora de la eficiencia y la accesibilidad del biodi\u00e9sel.<\/p>\n<p>A medida que el mundo enfrenta los desaf\u00edos del cambio clim\u00e1tico y la necesidad de diversificar las fuentes de energ\u00eda, el biodi\u00e9sel se posiciona como un componente vital en la matriz energ\u00e9tica global. La celebraci\u00f3n del D\u00eda Internacional del Biodi\u00e9sel subraya la urgencia de acelerar la transici\u00f3n hacia fuentes de energ\u00eda m\u00e1s limpias y el papel esencial que este biocombustible puede desempe\u00f1ar en ese proceso.<\/p>\n","protected":false},"excerpt":{"rendered":"<p>El 10 de agosto de 2024 se celebra el D\u00eda Internacional del Biodi\u00e9sel, una fecha que resalta la importancia de<\/p>\n","protected":false},"author":1,"featured_media":107683,"comment_status":"closed","ping_status":"closed","sticky":false,"template":"","format":"standard","meta":{"kia_subtitle":"","footnotes":"","jetpack_publicize_message":"","jetpack_publicize_feature_enabled":true,"jetpack_social_post_already_shared":true,"jetpack_social_options":{"image_generator_settings":{"template":"highway","default_image_id":0,"font":"","enabled":false},"version":2}},"categories":[5,2594],"tags":[],"class_list":["post-107682","post","type-post","status-publish","format-standard","has-post-thumbnail","hentry","category-cultura","category-efemerides"],"jetpack_publicize_connections":[],"jetpack_featured_media_url":"https:\/\/laurbedigital.com.ar\/noticias\/wp-content\/uploads\/2024\/08\/20240810-Biodiesel.jpg","_links":{"self":[{"href":"https:\/\/laurbedigital.com.ar\/noticias\/wp-json\/wp\/v2\/posts\/107682","targetHints":{"allow":["GET"]}}],"collection":[{"href":"https:\/\/laurbedigital.com.ar\/noticias\/wp-json\/wp\/v2\/posts"}],"about":[{"href":"https:\/\/laurbedigital.com.ar\/noticias\/wp-json\/wp\/v2\/types\/post"}],"author":[{"embeddable":true,"href":"https:\/\/laurbedigital.com.ar\/noticias\/wp-json\/wp\/v2\/users\/1"}],"replies":[{"embeddable":true,"href":"https:\/\/laurbedigital.com.ar\/noticias\/wp-json\/wp\/v2\/comments?post=107682"}],"version-history":[{"count":1,"href":"https:\/\/laurbedigital.com.ar\/noticias\/wp-json\/wp\/v2\/posts\/107682\/revisions"}],"predecessor-version":[{"id":107684,"href":"https:\/\/laurbedigital.com.ar\/noticias\/wp-json\/wp\/v2\/posts\/107682\/revisions\/107684"}],"wp:featuredmedia":[{"embeddable":true,"href":"https:\/\/laurbedigital.com.ar\/noticias\/wp-json\/wp\/v2\/media\/107683"}],"wp:attachment":[{"href":"https:\/\/laurbedigital.com.ar\/noticias\/wp-json\/wp\/v2\/media?parent=107682"}],"wp:term":[{"taxonomy":"category","embeddable":true,"href":"https:\/\/laurbedigital.com.ar\/noticias\/wp-json\/wp\/v2\/categories?post=107682"},{"taxonomy":"post_tag","embeddable":true,"href":"https:\/\/laurbedigital.com.ar\/noticias\/wp-json\/wp\/v2\/tags?post=107682"}],"curies":[{"name":"wp","href":"https:\/\/api.w.org\/{rel}","templated":true}]}}