{"id":107679,"date":"2024-08-10T02:51:04","date_gmt":"2024-08-10T05:51:04","guid":{"rendered":"https:\/\/laurbedigital.com.ar\/noticias\/?p=107679"},"modified":"2024-08-10T02:51:04","modified_gmt":"2024-08-10T05:51:04","slug":"caso-loan-citan-a-indagatoria-al-exabogado-de-la-tia-del-nino-desaparecido","status":"publish","type":"post","link":"https:\/\/laurbedigital.com.ar\/noticias\/2024\/08\/10\/caso-loan-citan-a-indagatoria-al-exabogado-de-la-tia-del-nino-desaparecido\/","title":{"rendered":"Caso Loan: citan a indagatoria al exabogado de la t\u00eda del ni\u00f1o desaparecido"},"content":{"rendered":"<p><span>En un giro inesperado dentro del caso que investiga la desaparici\u00f3n de Loan Danilo Pe\u00f1a, la jueza federal de Goya, Cristina Pozzer Penzo, ha citado a declarar a Jos\u00e9 Fern\u00e1ndez Codazzi, exabogado de Laudelina Pe\u00f1a, t\u00eda del menor desaparecido. La citaci\u00f3n llega en medio de controversias y sospechas que rodean la supuesta hip\u00f3tesis del accidente, plantada por el abogado y que ha generado revuelo en la comunidad de Corrientes.<\/span><\/p>\n<p><span>Loan Danilo Pe\u00f1a, de 5 a\u00f1os, desapareci\u00f3 hace 57 d\u00edas en la localidad de 9 de Julio, Corrientes, y desde entonces, la investigaci\u00f3n ha estado plagada de inconsistencias y conflictos familiares. Fern\u00e1ndez Codazzi, abogado conocido por sus conexiones con el gobierno de Corrientes, hab\u00eda patrocinado a Laudelina Pe\u00f1a en los primeros d\u00edas de la desaparici\u00f3n, sugiriendo que el ni\u00f1o podr\u00eda haber muerto en un accidente vehicular involucrando al ex capit\u00e1n de nav\u00edo Carlos P\u00e9rez y su esposa, Mar\u00eda Victoria Caillava.<\/span><\/p>\n<p><span>La jueza Pozzer Penzo decidi\u00f3 citar a indagatoria a Fern\u00e1ndez Codazzi luego de recibir denuncias que lo vinculan con presiones y sobornos hacia la familia de Loan para sostener la hip\u00f3tesis del accidente. La Prefectura de Corrientes envi\u00f3 la citaci\u00f3n formal al abogado, quien deber\u00e1 presentarse ante el fiscal Mart\u00edn De Guzm\u00e1n.<\/span><\/p>\n<p><span>Esta citaci\u00f3n se produce despu\u00e9s de que la hija de Laudelina Pe\u00f1a denunciara haber sido amenazada y sobornada con una casa, un auto y una moto para respaldar la teor\u00eda del accidente. La jueza Pozzer Penzo hab\u00eda rechazado previamente un pedido de detenci\u00f3n, indagatoria y allanamiento del domicilio de Fern\u00e1ndez Codazzi, presentado por el abogado Fernando Burlando, representante de la familia directa de Loan.<\/span><\/p>\n<p><span>La investigaci\u00f3n se ha complicado por una serie de declaraciones conflictivas y contradicciones entre los familiares de Loan. En un testimonio reciente, Catalina, abuela del ni\u00f1o, sugiri\u00f3 que en la localidad de 9 de Julio es \u00abcom\u00fan que vendan chicos\u00bb, lo que ha generado a\u00fan m\u00e1s alarma y atenci\u00f3n sobre el caso.<\/span><\/p>\n<p><span>Mientras la comunidad sigue consternada y expectante, el caso Loan Pe\u00f1a contin\u00faa revelando capas de intriga y tensiones familiares. La citaci\u00f3n a indagatoria de Jos\u00e9 Fern\u00e1ndez Codazzi podr\u00eda marcar un punto de inflexi\u00f3n en la investigaci\u00f3n, a medida que las autoridades intentan desentra\u00f1ar la verdad detr\u00e1s de la desaparici\u00f3n del ni\u00f1o. Las declaraciones pendientes y los testimonios de nuevos involucrados prometen agregar m\u00e1s informaci\u00f3n a un caso que sigue siendo un misterio inquietante.<\/span><\/p>\n","protected":false},"excerpt":{"rendered":"<p>En un giro inesperado dentro del caso que investiga la desaparici\u00f3n de Loan Danilo Pe\u00f1a, la jueza federal de Goya,<\/p>\n","protected":false},"author":1,"featured_media":107680,"comment_status":"closed","ping_status":"closed","sticky":false,"template":"","format":"standard","meta":{"kia_subtitle":"La jueza federal Cristina Pozzer Penzo orden\u00f3 la indagatoria de Jos\u00e9 Fern\u00e1ndez Codazzi, abogado que patrocinaba a Laudelina Pe\u00f1a, t\u00eda de Loan, por su presunta implicancia en la hip\u00f3tesis del accidente que rodea la desaparici\u00f3n del ni\u00f1o.","footnotes":"","jetpack_publicize_message":"","jetpack_publicize_feature_enabled":true,"jetpack_social_post_already_shared":true,"jetpack_social_options":{"image_generator_settings":{"template":"highway","default_image_id":0,"font":"","enabled":false},"version":2}},"categories":[8],"tags":[],"class_list":["post-107679","post","type-post","status-publish","format-standard","has-post-thumbnail","hentry","category-policiales"],"jetpack_publicize_connections":[],"jetpack_featured_media_url":"https:\/\/laurbedigital.com.ar\/noticias\/wp-content\/uploads\/2024\/08\/20240810-jose-fernandez-codazzi.jpg","_links":{"self":[{"href":"https:\/\/laurbedigital.com.ar\/noticias\/wp-json\/wp\/v2\/posts\/107679","targetHints":{"allow":["GET"]}}],"collection":[{"href":"https:\/\/laurbedigital.com.ar\/noticias\/wp-json\/wp\/v2\/posts"}],"about":[{"href":"https:\/\/laurbedigital.com.ar\/noticias\/wp-json\/wp\/v2\/types\/post"}],"author":[{"embeddable":true,"href":"https:\/\/laurbedigital.com.ar\/noticias\/wp-json\/wp\/v2\/users\/1"}],"replies":[{"embeddable":true,"href":"https:\/\/laurbedigital.com.ar\/noticias\/wp-json\/wp\/v2\/comments?post=107679"}],"version-history":[{"count":1,"href":"https:\/\/laurbedigital.com.ar\/noticias\/wp-json\/wp\/v2\/posts\/107679\/revisions"}],"predecessor-version":[{"id":107681,"href":"https:\/\/laurbedigital.com.ar\/noticias\/wp-json\/wp\/v2\/posts\/107679\/revisions\/107681"}],"wp:featuredmedia":[{"embeddable":true,"href":"https:\/\/laurbedigital.com.ar\/noticias\/wp-json\/wp\/v2\/media\/107680"}],"wp:attachment":[{"href":"https:\/\/laurbedigital.com.ar\/noticias\/wp-json\/wp\/v2\/media?parent=107679"}],"wp:term":[{"taxonomy":"category","embeddable":true,"href":"https:\/\/laurbedigital.com.ar\/noticias\/wp-json\/wp\/v2\/categories?post=107679"},{"taxonomy":"post_tag","embeddable":true,"href":"https:\/\/laurbedigital.com.ar\/noticias\/wp-json\/wp\/v2\/tags?post=107679"}],"curies":[{"name":"wp","href":"https:\/\/api.w.org\/{rel}","templated":true}]}}