{"id":107479,"date":"2024-08-03T02:06:07","date_gmt":"2024-08-03T05:06:07","guid":{"rendered":"https:\/\/laurbedigital.com.ar\/noticias\/?p=107479"},"modified":"2024-08-03T02:06:07","modified_gmt":"2024-08-03T05:06:07","slug":"el-impacto-laboral-de-los-primeros-seis-meses-de-la-gestion-de-javier-milei-612-000-empleos-perdidos","status":"publish","type":"post","link":"https:\/\/laurbedigital.com.ar\/noticias\/2024\/08\/03\/el-impacto-laboral-de-los-primeros-seis-meses-de-la-gestion-de-javier-milei-612-000-empleos-perdidos\/","title":{"rendered":"El impacto laboral de los primeros seis meses de la gesti\u00f3n de Javier Milei: 612.000 empleos perdidos"},"content":{"rendered":"<p><span>En los primeros seis meses de la presidencia de Javier Milei, el mercado laboral argentino sufri\u00f3 una p\u00e9rdida significativa de empleos, alcanzando un total de 612.000 puestos de trabajo menos. Esta reducci\u00f3n afect\u00f3 tanto a trabajadores en relaci\u00f3n de dependencia, tanto del sector p\u00fablico como privado, como a monotributistas, aut\u00f3nomos y empleados de casas particulares.<\/span><\/p>\n<p><span>Seg\u00fan datos de la Subsecretar\u00eda de Seguridad Social, la ca\u00edda mayor se registr\u00f3 entre los trabajadores en relaci\u00f3n de dependencia, con una reducci\u00f3n de 301.876 empleos. De este total, 150.869 corresponden al sector privado, 67.133 al sector p\u00fablico, y 83.874 a otros reg\u00edmenes, como los provinciales y municipales, principalmente empleados p\u00fablicos.<\/span><\/p>\n<p><span>Los trabajadores independientes, incluyendo monotributistas y aut\u00f3nomos, tambi\u00e9n experimentaron una fuerte disminuci\u00f3n, con 291.949 personas menos contribuyentes a la Seguridad Social. Por su parte, el sector de trabajadores de casas particulares registr\u00f3 una baja de 18.314 empleos.<\/span><\/p>\n<p><span>El total de aportantes a la Seguridad Social en mayo de 2024 fue de 12,3 millones, un n\u00famero que se asemeja al registrado en mayo de 2022, lo que evidencia un retroceso en el crecimiento del empleo formal. En comparaci\u00f3n con noviembre de 2023, cuando se alcanzaron los 12,9 millones de aportantes, la contracci\u00f3n es notable.<\/span><\/p>\n<p><span>El informe tambi\u00e9n destaca una disminuci\u00f3n en las Asignaciones por Hijo, con una baja interanual de 443.033 beneficios. Esto se debe, en gran medida, a la reducci\u00f3n de trabajadores en relaci\u00f3n de dependencia que aportan a este sistema, con 294.333 personas menos recibiendo estas prestaciones.<\/span><\/p>\n<p><span>La Oficina de Presupuesto del Congreso (OPC) inform\u00f3 que los recursos de la Seguridad Social se contrajeron un 20,1% en t\u00e9rminos interanuales, reflejando tanto la ca\u00edda del empleo como la disminuci\u00f3n del salario real. Este contexto plantea un escenario desafiante para la econom\u00eda argentina, donde la p\u00e9rdida de empleos no solo afecta a las familias, sino que tambi\u00e9n tiene un impacto directo en la sostenibilidad de los sistemas de seguridad social y el bienestar de la poblaci\u00f3n.<\/span><\/p>\n<p><span>La p\u00e9rdida de m\u00e1s de 600.000 empleos en tan solo seis meses subraya los desaf\u00edos econ\u00f3micos y sociales que enfrenta el gobierno de Javier Milei. A medida que la administraci\u00f3n avanza, la recuperaci\u00f3n del empleo y la estabilidad en los aportes a la Seguridad Social se presentan como desaf\u00edos cr\u00edticos para asegurar un futuro m\u00e1s s\u00f3lido y equitativo para todos los argentinos.<\/span><\/p>\n","protected":false},"excerpt":{"rendered":"<p>En los primeros seis meses de la presidencia de Javier Milei, el mercado laboral argentino sufri\u00f3 una p\u00e9rdida significativa de<\/p>\n","protected":false},"author":1,"featured_media":107224,"comment_status":"closed","ping_status":"closed","sticky":false,"template":"","format":"standard","meta":{"kia_subtitle":"La ca\u00edda en el empleo afect\u00f3 principalmente a trabajadores en relaci\u00f3n de dependencia, monotributistas y empleados de casas particulares, generando una contracci\u00f3n en los aportes a la Seguridad Social.","footnotes":"","jetpack_publicize_message":"","jetpack_publicize_feature_enabled":true,"jetpack_social_post_already_shared":true,"jetpack_social_options":{"image_generator_settings":{"template":"highway","default_image_id":0,"font":"","enabled":false},"version":2}},"categories":[3,41],"tags":[],"class_list":["post-107479","post","type-post","status-publish","format-standard","has-post-thumbnail","hentry","category-actualidad","category-nacionales"],"jetpack_publicize_connections":[],"jetpack_featured_media_url":"https:\/\/laurbedigital.com.ar\/noticias\/wp-content\/uploads\/2024\/07\/20240724-desempleo-empleo.jpg","_links":{"self":[{"href":"https:\/\/laurbedigital.com.ar\/noticias\/wp-json\/wp\/v2\/posts\/107479","targetHints":{"allow":["GET"]}}],"collection":[{"href":"https:\/\/laurbedigital.com.ar\/noticias\/wp-json\/wp\/v2\/posts"}],"about":[{"href":"https:\/\/laurbedigital.com.ar\/noticias\/wp-json\/wp\/v2\/types\/post"}],"author":[{"embeddable":true,"href":"https:\/\/laurbedigital.com.ar\/noticias\/wp-json\/wp\/v2\/users\/1"}],"replies":[{"embeddable":true,"href":"https:\/\/laurbedigital.com.ar\/noticias\/wp-json\/wp\/v2\/comments?post=107479"}],"version-history":[{"count":1,"href":"https:\/\/laurbedigital.com.ar\/noticias\/wp-json\/wp\/v2\/posts\/107479\/revisions"}],"predecessor-version":[{"id":107480,"href":"https:\/\/laurbedigital.com.ar\/noticias\/wp-json\/wp\/v2\/posts\/107479\/revisions\/107480"}],"wp:featuredmedia":[{"embeddable":true,"href":"https:\/\/laurbedigital.com.ar\/noticias\/wp-json\/wp\/v2\/media\/107224"}],"wp:attachment":[{"href":"https:\/\/laurbedigital.com.ar\/noticias\/wp-json\/wp\/v2\/media?parent=107479"}],"wp:term":[{"taxonomy":"category","embeddable":true,"href":"https:\/\/laurbedigital.com.ar\/noticias\/wp-json\/wp\/v2\/categories?post=107479"},{"taxonomy":"post_tag","embeddable":true,"href":"https:\/\/laurbedigital.com.ar\/noticias\/wp-json\/wp\/v2\/tags?post=107479"}],"curies":[{"name":"wp","href":"https:\/\/api.w.org\/{rel}","templated":true}]}}