{"id":107389,"date":"2024-07-31T02:04:19","date_gmt":"2024-07-31T05:04:19","guid":{"rendered":"https:\/\/laurbedigital.com.ar\/noticias\/?p=107389"},"modified":"2024-07-31T02:04:19","modified_gmt":"2024-07-31T05:04:19","slug":"seguro-de-desempleo-se-duplica-la-cantidad-de-beneficiarios-en-el-primer-semestre-del-ano","status":"publish","type":"post","link":"https:\/\/laurbedigital.com.ar\/noticias\/2024\/07\/31\/seguro-de-desempleo-se-duplica-la-cantidad-de-beneficiarios-en-el-primer-semestre-del-ano\/","title":{"rendered":"Seguro de desempleo: se duplica la cantidad de beneficiarios en el primer semestre del a\u00f1o"},"content":{"rendered":"<p>La recesi\u00f3n econ\u00f3mica y la crisis laboral en Argentina han llevado a un aumento significativo en la cantidad de personas que perciben el seguro de desempleo. Durante el primer semestre del a\u00f1o, casi 100 mil argentinos perdieron su empleo registrado sin causa atribuible al trabajador y comenzaron a recibir esta prestaci\u00f3n. Esta cifra refleja una duplicaci\u00f3n en comparaci\u00f3n con el mismo per\u00edodo del a\u00f1o anterior, subrayando la gravedad de la situaci\u00f3n laboral en el pa\u00eds.<\/p>\n<p>En los primeros seis meses del a\u00f1o, un total de 98.703 personas se sumaron a la lista de beneficiarios del seguro de desempleo, incrementando el promedio mensual a 111.851 personas. Este grupo percibe un haber promedio de $182.858 mensuales. Las cifras actuales se duplican las del mismo per\u00edodo de 2023, cuando se registraron 49.910 nuevas altas y un promedio mensual de 64.457 beneficiarios.<\/p>\n<p>El desagregado de las nuevas altas muestra que 84.372 son hombres y 27.479 son mujeres. Los sectores m\u00e1s afectados incluyen la construcci\u00f3n, con 36.488 trabajadores desempleados, seguida por la industria manufacturera con 19.532, el comercio con 15.389, actividades administrativas con 6.768, el servicio de transporte con 3.753, servicios de comida y alojamiento con 3.268, y salud y servicios. sociales con 2.708.<\/p>\n<p>Las personas que pueden acceder al seguro de desempleo son aquellas despedidas sin justa causa, por finalizaci\u00f3n de contrato o por causas externas al trabajador, siempre que hayan estado en relaci\u00f3n de dependencia. Durante el per\u00edodo de cobro del seguro, que puede extenderse hasta 12 meses, los beneficiarios tambi\u00e9n perciben asignaciones familiares y mantienen la cobertura de su obra social. Adem\u00e1s, los meses de cobro de la prestaci\u00f3n se contabilizan como antig\u00fcedad para la jubilaci\u00f3n o pensi\u00f3n.<\/p>\n<p>Para ser elegible, los trabajadores deben haber tenido al menos seis meses de trabajo con aportes en los \u00faltimos tres a\u00f1os antes del despido o finalizaci\u00f3n del contrato. En el caso de trabajadores eventuales y de temporada, el requisito es haber trabajado menos de 12 meses en los \u00faltimos tres a\u00f1os y m\u00e1s de 90 d\u00edas en el \u00faltimo a\u00f1o antes de la finalizaci\u00f3n del trabajo. El monto y la cantidad de cuotas, que pueden variar entre 2 y 12, se calculan en funci\u00f3n de los ingresos y los meses trabajados con aportes en los \u00faltimos tres a\u00f1os. Las trabajadoras mayores de 45 a\u00f1os tienen derecho a cobrar el seguro por seis meses adicionales.<\/p>\n","protected":false},"excerpt":{"rendered":"<p>La recesi\u00f3n econ\u00f3mica y la crisis laboral en Argentina han llevado a un aumento significativo en la cantidad de personas<\/p>\n","protected":false},"author":1,"featured_media":91519,"comment_status":"closed","ping_status":"closed","sticky":false,"template":"","format":"standard","meta":{"kia_subtitle":"Casi 100 mil argentinos comenzaron a cobrar el seguro de desempleo en medio de la crisis econ\u00f3mica, elevando el promedio mensual de beneficiarios a m\u00e1s de 111 mil.","footnotes":"","jetpack_publicize_message":"","jetpack_publicize_feature_enabled":true,"jetpack_social_post_already_shared":true,"jetpack_social_options":{"image_generator_settings":{"template":"highway","default_image_id":0,"font":"","enabled":false},"version":2}},"categories":[3,41],"tags":[],"class_list":["post-107389","post","type-post","status-publish","format-standard","has-post-thumbnail","hentry","category-actualidad","category-nacionales"],"jetpack_publicize_connections":[],"jetpack_featured_media_url":"https:\/\/laurbedigital.com.ar\/noticias\/wp-content\/uploads\/2023\/05\/20230512-anses.jpg","_links":{"self":[{"href":"https:\/\/laurbedigital.com.ar\/noticias\/wp-json\/wp\/v2\/posts\/107389","targetHints":{"allow":["GET"]}}],"collection":[{"href":"https:\/\/laurbedigital.com.ar\/noticias\/wp-json\/wp\/v2\/posts"}],"about":[{"href":"https:\/\/laurbedigital.com.ar\/noticias\/wp-json\/wp\/v2\/types\/post"}],"author":[{"embeddable":true,"href":"https:\/\/laurbedigital.com.ar\/noticias\/wp-json\/wp\/v2\/users\/1"}],"replies":[{"embeddable":true,"href":"https:\/\/laurbedigital.com.ar\/noticias\/wp-json\/wp\/v2\/comments?post=107389"}],"version-history":[{"count":1,"href":"https:\/\/laurbedigital.com.ar\/noticias\/wp-json\/wp\/v2\/posts\/107389\/revisions"}],"predecessor-version":[{"id":107390,"href":"https:\/\/laurbedigital.com.ar\/noticias\/wp-json\/wp\/v2\/posts\/107389\/revisions\/107390"}],"wp:featuredmedia":[{"embeddable":true,"href":"https:\/\/laurbedigital.com.ar\/noticias\/wp-json\/wp\/v2\/media\/91519"}],"wp:attachment":[{"href":"https:\/\/laurbedigital.com.ar\/noticias\/wp-json\/wp\/v2\/media?parent=107389"}],"wp:term":[{"taxonomy":"category","embeddable":true,"href":"https:\/\/laurbedigital.com.ar\/noticias\/wp-json\/wp\/v2\/categories?post=107389"},{"taxonomy":"post_tag","embeddable":true,"href":"https:\/\/laurbedigital.com.ar\/noticias\/wp-json\/wp\/v2\/tags?post=107389"}],"curies":[{"name":"wp","href":"https:\/\/api.w.org\/{rel}","templated":true}]}}