{"id":107350,"date":"2024-07-28T23:39:05","date_gmt":"2024-07-29T02:39:05","guid":{"rendered":"https:\/\/laurbedigital.com.ar\/noticias\/?p=107350"},"modified":"2024-07-28T23:39:55","modified_gmt":"2024-07-29T02:39:55","slug":"el-64-de-los-argentinos-debio-recortar-gastos-en-alimentacion-desde-la-asuncion-de-milei","status":"publish","type":"post","link":"https:\/\/laurbedigital.com.ar\/noticias\/2024\/07\/28\/el-64-de-los-argentinos-debio-recortar-gastos-en-alimentacion-desde-la-asuncion-de-milei\/","title":{"rendered":"El 64% de los argentinos debi\u00f3 recortar gastos en alimentaci\u00f3n desde la asunci\u00f3n de Milei"},"content":{"rendered":"<p>Desde la asunci\u00f3n de Javier Milei como presidente de Argentina, la situaci\u00f3n econ\u00f3mica de los ciudadanos ha empeorado notablemente. Una reciente encuesta de la consultora Zub\u00e1n C\u00f3rdoba revela que un 64% de los argentinos ha recortado gastos en alimentaci\u00f3n, mientras que un 70% considera que su situaci\u00f3n econ\u00f3mica se ha deteriorado durante este per\u00edodo. Estos datos reflejan una profunda crisis econ\u00f3mica que afecta a la mayor\u00eda de los hogares del pa\u00eds.<\/p>\n<p>La encuesta, que se conoci\u00f3 el pasado domingo, arroja luz sobre los desaf\u00edos econ\u00f3micos que enfrentan los argentinos desde que Javier Milei asumi\u00f3 la presidencia. Ante la pregunta \u00ab\u00bfen qu\u00e9 rubros recort\u00f3 sus consumos o gastos habituales?\u00bb, un 64,2% de los encuestados respondi\u00f3 que en alimentaci\u00f3n, evidenciando un ajuste en uno de los aspectos m\u00e1s b\u00e1sicos y esenciales para cualquier familia.<\/p>\n<p>Adem\u00e1s, otros rubros tambi\u00e9n han sufrido recortes significativos. Un 81% de los encuestados declar\u00f3 haber reducido gastos en esparcimiento, un 73% en vestimenta y un 60% en servicios. La situaci\u00f3n es igualmente alarmante en \u00e1reas cr\u00edticas como la salud y la educaci\u00f3n, donde un 45% y un 31% de los encuestados, respectivamente, reportaron haber recortado gastos.<\/p>\n<p>La percepci\u00f3n general de los encuestados sobre la econom\u00eda bajo el gobierno de Milei es predominantemente negativa. Un 70,1% considera que la situaci\u00f3n econ\u00f3mica ha empeorado desde su asunci\u00f3n, mientras que solo un 29,3% cree que ha mejorado. Esta percepci\u00f3n negativa se extiende al plan econ\u00f3mico del presidente: un 51% afirma que est\u00e1 \u00abfracasando\u00bb, frente a un 42,1% que opina que est\u00e1 \u00abfuncionando\u00bb.<\/p>\n<p>La preocupaci\u00f3n por el futuro econ\u00f3mico del pa\u00eds es palpable. Un 46% de los encuestados afirma que \u00abya no le da m\u00e1s tiempo\u00bb al Gobierno para mejorar la situaci\u00f3n, mientras que un 55% no conf\u00eda en la capacidad de Milei para controlar el precio del d\u00f3lar. Estos datos reflejan un clima de desconfianza y desesperanza en el que muchas familias luchan por llegar a fin de mes.<\/p>\n<p>En el informe de Zub\u00e1n C\u00f3rdoba se subraya la importancia de estos datos para el gobierno actual. \u00abDatos preocupantes para un Gobierno que necesita mantener a la econom\u00eda en el centro de su relato pol\u00edtico\u00bb, advierte el informe, destacando la necesidad de medidas urgentes y efectivas para revertir la situaci\u00f3n y recuperar la confianza de la ciudadan\u00eda.<\/p>\n<p>La crisis econ\u00f3mica en Argentina contin\u00faa agrav\u00e1ndose bajo el gobierno de Javier Milei, con la mayor\u00eda de los ciudadanos enfrentando recortes en aspectos fundamentales de su vida diaria. La capacidad del presidente para revertir esta situaci\u00f3n y estabilizar la econom\u00eda est\u00e1 en duda, y el tiempo para lograr mejoras significativas se est\u00e1 agotando r\u00e1pidamente. Mientras tanto, las familias argentinas siguen lidiando con las dificultades econ\u00f3micas en su d\u00eda a d\u00eda, esperando un cambio que les permita vivir con mayor seguridad y estabilidad financiera.<\/p>\n","protected":false},"excerpt":{"rendered":"<p>Desde la asunci\u00f3n de Javier Milei como presidente de Argentina, la situaci\u00f3n econ\u00f3mica de los ciudadanos ha empeorado notablemente. Una<\/p>\n","protected":false},"author":1,"featured_media":100967,"comment_status":"closed","ping_status":"closed","sticky":false,"template":"","format":"standard","meta":{"kia_subtitle":"La situaci\u00f3n econ\u00f3mica del pa\u00eds sigue deterior\u00e1ndose, seg\u00fan una encuesta de la consultora Zub\u00e1n C\u00f3rdoba.","footnotes":"","jetpack_publicize_message":"","jetpack_publicize_feature_enabled":true,"jetpack_social_post_already_shared":true,"jetpack_social_options":{"image_generator_settings":{"template":"highway","default_image_id":0,"font":"","enabled":false},"version":2}},"categories":[3,41],"tags":[],"class_list":["post-107350","post","type-post","status-publish","format-standard","has-post-thumbnail","hentry","category-actualidad","category-nacionales"],"jetpack_publicize_connections":[],"jetpack_featured_media_url":"https:\/\/laurbedigital.com.ar\/noticias\/wp-content\/uploads\/2024\/01\/20240115-agro-alimentos.jpg","_links":{"self":[{"href":"https:\/\/laurbedigital.com.ar\/noticias\/wp-json\/wp\/v2\/posts\/107350","targetHints":{"allow":["GET"]}}],"collection":[{"href":"https:\/\/laurbedigital.com.ar\/noticias\/wp-json\/wp\/v2\/posts"}],"about":[{"href":"https:\/\/laurbedigital.com.ar\/noticias\/wp-json\/wp\/v2\/types\/post"}],"author":[{"embeddable":true,"href":"https:\/\/laurbedigital.com.ar\/noticias\/wp-json\/wp\/v2\/users\/1"}],"replies":[{"embeddable":true,"href":"https:\/\/laurbedigital.com.ar\/noticias\/wp-json\/wp\/v2\/comments?post=107350"}],"version-history":[{"count":1,"href":"https:\/\/laurbedigital.com.ar\/noticias\/wp-json\/wp\/v2\/posts\/107350\/revisions"}],"predecessor-version":[{"id":107351,"href":"https:\/\/laurbedigital.com.ar\/noticias\/wp-json\/wp\/v2\/posts\/107350\/revisions\/107351"}],"wp:featuredmedia":[{"embeddable":true,"href":"https:\/\/laurbedigital.com.ar\/noticias\/wp-json\/wp\/v2\/media\/100967"}],"wp:attachment":[{"href":"https:\/\/laurbedigital.com.ar\/noticias\/wp-json\/wp\/v2\/media?parent=107350"}],"wp:term":[{"taxonomy":"category","embeddable":true,"href":"https:\/\/laurbedigital.com.ar\/noticias\/wp-json\/wp\/v2\/categories?post=107350"},{"taxonomy":"post_tag","embeddable":true,"href":"https:\/\/laurbedigital.com.ar\/noticias\/wp-json\/wp\/v2\/tags?post=107350"}],"curies":[{"name":"wp","href":"https:\/\/api.w.org\/{rel}","templated":true}]}}