{"id":107320,"date":"2024-07-27T18:28:57","date_gmt":"2024-07-27T21:28:57","guid":{"rendered":"https:\/\/laurbedigital.com.ar\/noticias\/?p=107320"},"modified":"2024-07-27T18:28:57","modified_gmt":"2024-07-27T21:28:57","slug":"dia-de-la-gendarmeria-nacional","status":"publish","type":"post","link":"https:\/\/laurbedigital.com.ar\/noticias\/2024\/07\/27\/dia-de-la-gendarmeria-nacional\/","title":{"rendered":"D\u00eda de la Gendarmer\u00eda Nacional"},"content":{"rendered":"<h4><strong>Un d\u00eda para reconocer el valor y la dedicaci\u00f3n<\/strong><\/h4>\n<p>La Gendarmer\u00eda Nacional Argentina fue creada el 28 de julio de 1938, bajo el mandato del presidente Roberto M. Ortiz, con el objetivo principal de resguardar las fronteras y garantizar la seguridad interior. Desde entonces, la gendarmer\u00eda ha desempe\u00f1ado un rol crucial en la defensa de la soberan\u00eda nacional y en el mantenimiento del orden p\u00fablico.<\/p>\n<p>A lo largo de los a\u00f1os, los gendarmes han enfrentado innumerables desaf\u00edos, desde operaciones en zonas rurales hasta intervenciones en \u00e1reas urbanas. Su labor no solo incluye el control fronterizo, sino tambi\u00e9n la lucha contra el narcotr\u00e1fico, la trata de personas y otras actividades delictivas que amenazan la seguridad de la naci\u00f3n.<\/p>\n<h4><strong>Historia y evoluci\u00f3n de la gendarmer\u00eda<\/strong><\/h4>\n<p>La creaci\u00f3n de la Gendarmer\u00eda Nacional respondi\u00f3 a la necesidad de contar con una fuerza de seguridad especializada que pudiera actuar en las regiones fronterizas, donde la presencia del Estado era limitada. La primera misi\u00f3n encomendada a la gendarmer\u00eda fue la de custodiar el vasto territorio patag\u00f3nico, una regi\u00f3n estrat\u00e9gica por su ubicaci\u00f3n y recursos naturales.<\/p>\n<p>Con el tiempo, la instituci\u00f3n ha evolucionado, adapt\u00e1ndose a los cambios sociales y tecnol\u00f3gicos. Hoy en d\u00eda, la Gendarmer\u00eda Nacional no solo opera en zonas rurales, sino que tambi\u00e9n participa activamente en operativos urbanos y en tareas de seguridad en eventos de relevancia nacional e internacional.<\/p>\n<h4>Formaci\u00f3n y valores<\/h4>\n<p>Los gendarmes son formados en academias especializadas, donde reciben una rigurosa capacitaci\u00f3n en diversas \u00e1reas, desde t\u00e1cticas de combate hasta derechos humanos. La formaci\u00f3n integral busca no solo preparar a los gendarmes para enfrentar situaciones de alta complejidad, sino tambi\u00e9n inculcarles valores como el honor, la lealtad y el respeto por la vida y la dignidad humana.<\/p>\n<h4><strong>Un reconocimiento a la labor silenciosa<\/strong><\/h4>\n<p>En este d\u00eda, se realizan actos y ceremonias en distintos puntos del pa\u00eds, donde se reconoce la labor de aquellos que, muchas veces en silencio y lejos de los reflectores, trabajan incansablemente por la seguridad y el bienestar de todos los argentinos. Los gendarmes son homenajeados por su valent\u00eda y compromiso, y se les recuerda que su labor es fundamental para la construcci\u00f3n de una sociedad m\u00e1s segura y justa.<\/p>\n<p>&nbsp;<\/p>\n","protected":false},"excerpt":{"rendered":"<p>Un d\u00eda para reconocer el valor y la dedicaci\u00f3n La Gendarmer\u00eda Nacional Argentina fue creada el 28 de julio de<\/p>\n","protected":false},"author":1,"featured_media":79862,"comment_status":"closed","ping_status":"closed","sticky":false,"template":"","format":"standard","meta":{"kia_subtitle":"Cada 28 de julio, Argentina celebra el D\u00eda de la Gendarmer\u00eda Nacional, una instituci\u00f3n fundamental en la protecci\u00f3n y seguridad del territorio nacional. Esta fecha, marcada en el calendario desde 1938, rinde homenaje a los hombres y mujeres que con valent\u00eda y dedicaci\u00f3n custodian las fronteras del pa\u00eds.","footnotes":"","jetpack_publicize_message":"","jetpack_publicize_feature_enabled":true,"jetpack_social_post_already_shared":true,"jetpack_social_options":{"image_generator_settings":{"template":"highway","default_image_id":0,"font":"","enabled":false},"version":2}},"categories":[5,2594],"tags":[],"class_list":["post-107320","post","type-post","status-publish","format-standard","has-post-thumbnail","hentry","category-cultura","category-efemerides"],"jetpack_publicize_connections":[],"jetpack_featured_media_url":"https:\/\/laurbedigital.com.ar\/noticias\/wp-content\/uploads\/2022\/07\/20220728-Gendarmeria.jpg","_links":{"self":[{"href":"https:\/\/laurbedigital.com.ar\/noticias\/wp-json\/wp\/v2\/posts\/107320","targetHints":{"allow":["GET"]}}],"collection":[{"href":"https:\/\/laurbedigital.com.ar\/noticias\/wp-json\/wp\/v2\/posts"}],"about":[{"href":"https:\/\/laurbedigital.com.ar\/noticias\/wp-json\/wp\/v2\/types\/post"}],"author":[{"embeddable":true,"href":"https:\/\/laurbedigital.com.ar\/noticias\/wp-json\/wp\/v2\/users\/1"}],"replies":[{"embeddable":true,"href":"https:\/\/laurbedigital.com.ar\/noticias\/wp-json\/wp\/v2\/comments?post=107320"}],"version-history":[{"count":2,"href":"https:\/\/laurbedigital.com.ar\/noticias\/wp-json\/wp\/v2\/posts\/107320\/revisions"}],"predecessor-version":[{"id":107322,"href":"https:\/\/laurbedigital.com.ar\/noticias\/wp-json\/wp\/v2\/posts\/107320\/revisions\/107322"}],"wp:featuredmedia":[{"embeddable":true,"href":"https:\/\/laurbedigital.com.ar\/noticias\/wp-json\/wp\/v2\/media\/79862"}],"wp:attachment":[{"href":"https:\/\/laurbedigital.com.ar\/noticias\/wp-json\/wp\/v2\/media?parent=107320"}],"wp:term":[{"taxonomy":"category","embeddable":true,"href":"https:\/\/laurbedigital.com.ar\/noticias\/wp-json\/wp\/v2\/categories?post=107320"},{"taxonomy":"post_tag","embeddable":true,"href":"https:\/\/laurbedigital.com.ar\/noticias\/wp-json\/wp\/v2\/tags?post=107320"}],"curies":[{"name":"wp","href":"https:\/\/api.w.org\/{rel}","templated":true}]}}