{"id":10727,"date":"2018-01-01T16:18:37","date_gmt":"2018-01-01T19:18:37","guid":{"rendered":"http:\/\/laurbedigital.com.ar\/noticias\/?p=10727"},"modified":"2018-01-01T16:18:37","modified_gmt":"2018-01-01T19:18:37","slug":"refugio-espacio-casa-cultural-busca-talentos","status":"publish","type":"post","link":"https:\/\/laurbedigital.com.ar\/noticias\/2018\/01\/01\/refugio-espacio-casa-cultural-busca-talentos\/","title":{"rendered":"El Refugio- Espacio y casa cultural- busca talentos"},"content":{"rendered":"<p>Desde su p\u00e1gina en la red social facebook, el centro cultural El Refugio, ubicado en Alsina 1655 de la localidad de Burzaco, invita a formar parte de su espacio<\/p>\n<p>\u201cConvocamos m\u00fasicos solistas o en formato d\u00fao para ser parte de la programaci\u00f3n de los diversos ciclos musicales que tendr\u00e1n lugar en el 2018 en El Refugio espacio y casa cultural y La Casa espacio de debate y cultura\u201d, anuncian.<\/p>\n<p>Se alienta a los interesados a enviar las propuestas a ciclosmusicales2018@gmail.com<\/p>\n","protected":false},"excerpt":{"rendered":"<p>Desde su p\u00e1gina en la red social facebook, el centro cultural El Refugio, ubicado en Alsina 1655 de la localidad<\/p>\n","protected":false},"author":1,"featured_media":10289,"comment_status":"closed","ping_status":"closed","sticky":false,"template":"","format":"standard","meta":{"kia_subtitle":"","footnotes":"","jetpack_publicize_message":"","jetpack_publicize_feature_enabled":true,"jetpack_social_post_already_shared":true,"jetpack_social_options":{"image_generator_settings":{"template":"highway","default_image_id":0,"font":"","enabled":false},"version":2}},"categories":[5,29],"tags":[],"class_list":["post-10727","post","type-post","status-publish","format-standard","has-post-thumbnail","hentry","category-cultura","category-musica"],"jetpack_publicize_connections":[],"jetpack_featured_media_url":"https:\/\/laurbedigital.com.ar\/noticias\/wp-content\/uploads\/2017\/12\/20171212-brown1.jpg","_links":{"self":[{"href":"https:\/\/laurbedigital.com.ar\/noticias\/wp-json\/wp\/v2\/posts\/10727","targetHints":{"allow":["GET"]}}],"collection":[{"href":"https:\/\/laurbedigital.com.ar\/noticias\/wp-json\/wp\/v2\/posts"}],"about":[{"href":"https:\/\/laurbedigital.com.ar\/noticias\/wp-json\/wp\/v2\/types\/post"}],"author":[{"embeddable":true,"href":"https:\/\/laurbedigital.com.ar\/noticias\/wp-json\/wp\/v2\/users\/1"}],"replies":[{"embeddable":true,"href":"https:\/\/laurbedigital.com.ar\/noticias\/wp-json\/wp\/v2\/comments?post=10727"}],"version-history":[{"count":1,"href":"https:\/\/laurbedigital.com.ar\/noticias\/wp-json\/wp\/v2\/posts\/10727\/revisions"}],"predecessor-version":[{"id":10728,"href":"https:\/\/laurbedigital.com.ar\/noticias\/wp-json\/wp\/v2\/posts\/10727\/revisions\/10728"}],"wp:featuredmedia":[{"embeddable":true,"href":"https:\/\/laurbedigital.com.ar\/noticias\/wp-json\/wp\/v2\/media\/10289"}],"wp:attachment":[{"href":"https:\/\/laurbedigital.com.ar\/noticias\/wp-json\/wp\/v2\/media?parent=10727"}],"wp:term":[{"taxonomy":"category","embeddable":true,"href":"https:\/\/laurbedigital.com.ar\/noticias\/wp-json\/wp\/v2\/categories?post=10727"},{"taxonomy":"post_tag","embeddable":true,"href":"https:\/\/laurbedigital.com.ar\/noticias\/wp-json\/wp\/v2\/tags?post=10727"}],"curies":[{"name":"wp","href":"https:\/\/api.w.org\/{rel}","templated":true}]}}