{"id":107081,"date":"2024-07-18T21:42:59","date_gmt":"2024-07-19T00:42:59","guid":{"rendered":"https:\/\/laurbedigital.com.ar\/noticias\/?p=107081"},"modified":"2024-07-18T21:42:59","modified_gmt":"2024-07-19T00:42:59","slug":"la-vieja-guardia-2-charlize-theron-revela-novedades-sobre-la-esperada-secuela-de-netflix","status":"publish","type":"post","link":"https:\/\/laurbedigital.com.ar\/noticias\/2024\/07\/18\/la-vieja-guardia-2-charlize-theron-revela-novedades-sobre-la-esperada-secuela-de-netflix\/","title":{"rendered":"\u00abLa Vieja Guardia 2\u00bb: Charlize Theron revela novedades sobre la esperada secuela de Netflix"},"content":{"rendered":"<p>En una entrevista con Variety, Charlize Theron explic\u00f3 que el retraso significativo en la posproducci\u00f3n de \u00abLa Vieja Guardia 2\u00bb se debi\u00f3 a cambios en la direcci\u00f3n de Netflix. La actriz mencion\u00f3 que estos cambios en la plataforma detuvieron la posproducci\u00f3n cuando faltaban solo cinco semanas para finalizar. Adem\u00e1s, las huelgas que afectaron la industria en 2023 tambi\u00e9n contribuyeron a los retrasos.<\/p>\n<p>A pesar de los obst\u00e1culos, Theron asegur\u00f3 que la secuela finalmente est\u00e1 en marcha. La actriz, conocida por su papel de Andy, expres\u00f3 su entusiasmo: \u00abFinalmente lo retomamos y estoy muy emocionada por ello\u00bb. La pel\u00edcula ha generado grandes expectativas, especialmente entre los fan\u00e1ticos del g\u00e9nero de superh\u00e9roes.<\/p>\n<p>\u00abLa Vieja Guardia 2\u00bb cuenta con la direcci\u00f3n de Victoria Mahoney y la participaci\u00f3n de varios actores del elenco original, incluidos Kiki Layne, Matthias Schoenaerts, Marwan Kenzari, Luca Marinelli, Veronica Ngo y Chiwetel Ejiofor. Adem\u00e1s, se han sumado nuevas caras, como Uma Thurman y Henry Golding, lo que aumenta a\u00fan m\u00e1s la anticipaci\u00f3n por esta nueva entrega.<\/p>\n<p>La primera pel\u00edcula, lanzada en 2020 y dirigida por Gina Prince-Bythewood, se bas\u00f3 en el c\u00f3mic hom\u00f3nimo de Greg Rucka y Leandro Fern\u00e1ndez. La historia de guerreros inmortales fue muy bien recibida tanto por la cr\u00edtica como por el p\u00fablico, convirti\u00e9ndose en uno de los t\u00edtulos m\u00e1s vistos en la plataforma de Netflix.<\/p>\n<p><iframe loading=\"lazy\" title=\"La vieja guardia | Tr\u00e1iler oficial | Netflix\" src=\"https:\/\/www.youtube.com\/embed\/OCDhMOrCEoc\" width=\"1033\" height=\"581\" frameborder=\"0\" allowfullscreen=\"allowfullscreen\"><\/iframe><\/p>\n<p>Con todos los problemas resueltos, el regreso de Andy y los inmortales es un hecho. Los fan\u00e1ticos de \u00abLa Vieja Guardia\u00bb pueden esperar con ansias esta emocionante secuela, que promete llevar la historia a nuevas alturas.<\/p>\n","protected":false},"excerpt":{"rendered":"<p>En una entrevista con Variety, Charlize Theron explic\u00f3 que el retraso significativo en la posproducci\u00f3n de \u00abLa Vieja Guardia 2\u00bb<\/p>\n","protected":false},"author":1,"featured_media":107082,"comment_status":"closed","ping_status":"closed","sticky":false,"template":"","format":"standard","meta":{"kia_subtitle":"Charlize Theron ha compartido novedades emocionantes sobre una de las secuelas m\u00e1s anticipadas de Netflix, \"La Vieja Guardia 2\". Tras el \u00e9xito de la primera entrega en 2020, la continuaci\u00f3n ha enfrentado varios retrasos, pero ahora est\u00e1 en camino.","footnotes":"","jetpack_publicize_message":"","jetpack_publicize_feature_enabled":true,"jetpack_social_post_already_shared":true,"jetpack_social_options":{"image_generator_settings":{"template":"highway","default_image_id":0,"font":"","enabled":false},"version":2}},"categories":[2600,68],"tags":[],"class_list":["post-107081","post","type-post","status-publish","format-standard","has-post-thumbnail","hentry","category-espectaculo","category-cine-y-series"],"jetpack_publicize_connections":[],"jetpack_featured_media_url":"https:\/\/laurbedigital.com.ar\/noticias\/wp-content\/uploads\/2024\/07\/20240719-La-Vieja-Guardia-2.jpg","_links":{"self":[{"href":"https:\/\/laurbedigital.com.ar\/noticias\/wp-json\/wp\/v2\/posts\/107081","targetHints":{"allow":["GET"]}}],"collection":[{"href":"https:\/\/laurbedigital.com.ar\/noticias\/wp-json\/wp\/v2\/posts"}],"about":[{"href":"https:\/\/laurbedigital.com.ar\/noticias\/wp-json\/wp\/v2\/types\/post"}],"author":[{"embeddable":true,"href":"https:\/\/laurbedigital.com.ar\/noticias\/wp-json\/wp\/v2\/users\/1"}],"replies":[{"embeddable":true,"href":"https:\/\/laurbedigital.com.ar\/noticias\/wp-json\/wp\/v2\/comments?post=107081"}],"version-history":[{"count":2,"href":"https:\/\/laurbedigital.com.ar\/noticias\/wp-json\/wp\/v2\/posts\/107081\/revisions"}],"predecessor-version":[{"id":107084,"href":"https:\/\/laurbedigital.com.ar\/noticias\/wp-json\/wp\/v2\/posts\/107081\/revisions\/107084"}],"wp:featuredmedia":[{"embeddable":true,"href":"https:\/\/laurbedigital.com.ar\/noticias\/wp-json\/wp\/v2\/media\/107082"}],"wp:attachment":[{"href":"https:\/\/laurbedigital.com.ar\/noticias\/wp-json\/wp\/v2\/media?parent=107081"}],"wp:term":[{"taxonomy":"category","embeddable":true,"href":"https:\/\/laurbedigital.com.ar\/noticias\/wp-json\/wp\/v2\/categories?post=107081"},{"taxonomy":"post_tag","embeddable":true,"href":"https:\/\/laurbedigital.com.ar\/noticias\/wp-json\/wp\/v2\/tags?post=107081"}],"curies":[{"name":"wp","href":"https:\/\/api.w.org\/{rel}","templated":true}]}}