{"id":106973,"date":"2024-07-15T15:00:16","date_gmt":"2024-07-15T18:00:16","guid":{"rendered":"https:\/\/laurbedigital.com.ar\/noticias\/?p=106973"},"modified":"2024-07-15T15:00:16","modified_gmt":"2024-07-15T18:00:16","slug":"vacaciones-de-invierno-en-la-granja-educativa-municipal-con-atracciones-para-toda-la-familia","status":"publish","type":"post","link":"https:\/\/laurbedigital.com.ar\/noticias\/2024\/07\/15\/vacaciones-de-invierno-en-la-granja-educativa-municipal-con-atracciones-para-toda-la-familia\/","title":{"rendered":"Vacaciones de invierno en la Granja Educativa Municipal con atracciones para toda la familia"},"content":{"rendered":"<div>\n<p>Del 16 al 28 de julio, el predio ubicado en la avenida Juan B. Justo N\u00b0 1000 ser\u00e1 escenario en el horario de 10 a 17 de numerosas propuestas, m\u00e1s all\u00e1 de poder recorrer el lugar, conocer cada una de las especies animales y arb\u00f3reas que lo habitan y descubrir el Parque Astron\u00f3mico con actividades para ampliar los conocimientos sobre nuestro sistema solar y el universo.<\/p>\n<p>Adem\u00e1s de las visitas guiadas previstas para las 10, 14 y 16 horas, sin inscripci\u00f3n previa las y los vecinos podr\u00e1n participar de talleres de educaci\u00f3n ambiental y realizar pr\u00e1cticas y observaciones a campo.<\/p>\n<h6><strong>\u201cEn vacaciones de invierno nuestra Granja Municipal tambi\u00e9n contar\u00e1 con numerosas atracciones para el disfrute de grandes y chicos. Desde la Comuna siempre pensamos en brindar m\u00e1s y mejores servicios, en este caso promoviendo actividades gratuitas para compartir en familia durante el receso escolar\u201d, se\u00f1al\u00f3 el intendente Mariano Cascallares.<\/strong><\/h6>\n<p><img loading=\"lazy\" decoding=\"async\" class=\"alignnone size-full wp-image-83737\" src=\"https:\/\/laurbedigital.com.ar\/noticias\/wp-content\/uploads\/2022\/10\/granja1.jpg\" alt=\"\" width=\"1600\" height=\"1067\" title=\"\" srcset=\"https:\/\/laurbedigital.com.ar\/noticias\/wp-content\/uploads\/2022\/10\/granja1.jpg 1600w, https:\/\/laurbedigital.com.ar\/noticias\/wp-content\/uploads\/2022\/10\/granja1-300x200.jpg 300w, https:\/\/laurbedigital.com.ar\/noticias\/wp-content\/uploads\/2022\/10\/granja1-1024x683.jpg 1024w, https:\/\/laurbedigital.com.ar\/noticias\/wp-content\/uploads\/2022\/10\/granja1-768x512.jpg 768w, https:\/\/laurbedigital.com.ar\/noticias\/wp-content\/uploads\/2022\/10\/granja1-1536x1024.jpg 1536w\" sizes=\"auto, (max-width: 1600px) 100vw, 1600px\" \/><\/p>\n<h4><strong>En ese marco, est\u00e1n previstas las siguientes actividades:<\/strong><\/h4>\n<p>El martes 16 y el 23, a partir de las 14 horas, los m\u00e1s peque\u00f1os del hogar podr\u00e1n deleitarse con una jornada de huerta y aprender a armar plantines. Esta actividad se repite en el mismo horario el jueves 18 y el 25. Mientras que el s\u00e1bado 20 y el 27 se realizar\u00e1 a las 13.<\/p>\n<p>El mi\u00e9rcoles 17 y el 24, a las 13, se brindar\u00e1 un taller sobre plantas arom\u00e1ticas para que los ni\u00f1os las identifican y conozcan para que se usan, y como atraen y repelen insectos; en tanto a las 14 se desarrollar\u00e1 una jornada de observaci\u00f3n de c\u00e9lulas y plantas con lupa microsc\u00f3pica.<\/p>\n<p>El jueves 18 y el 25, a las 15, se llevar\u00e1 adelante un taller de compostaje. Dicha actividad se reitera a la misma hora el viernes 19 y el 26.<\/p>\n<p>Tambi\u00e9n el 19 y el 26, a las 14, se presentar\u00e1 el documental infantil \u201cLa asombrosa misi\u00f3n de Zamba y Yazi por el cuidado del ambiente\u201d. El mismo film se proyectar\u00e1 el s\u00e1bado 20 y el 27 a las 15.30 horas<\/p>\n<p>Los d\u00edas 20 y 27 adem\u00e1s, a las 14.30, se dictar\u00e1 el taller de observaci\u00f3n de mariposas y plantas nativas.<\/p>\n<p>Por \u00faltimo, el domingo 21 y el 28, a las 14, se llevar\u00e1 a cabo un nuevo encuentro para la observaci\u00f3n de mariposas y flora nativa.<\/p>\n<p>Cabe se\u00f1alar, adem\u00e1s, que los mi\u00e9rcoles y s\u00e1bados de vacaciones, a partir de las 14, y en un nuevo aniversario de la llegada de la humanidad a la luna se podr\u00e1 disfrutar de una jornada para conocer m\u00e1s de sus mareas y su movimiento alrededor de la tierra.<\/p>\n<p>M\u00e1s tarde, a las 15, tambi\u00e9n los ni\u00f1os podr\u00e1n descubrir los paisajes y atracciones que ofrece el parque astron\u00f3mico con una gu\u00eda adaptada para dicho p\u00fablico infantil.<\/p>\n<\/div>\n<div class=\"yj6qo\"><\/div>\n<div class=\"adL\"><\/div>\n","protected":false},"excerpt":{"rendered":"<p>Del 16 al 28 de julio, el predio ubicado en la avenida Juan B. Justo N\u00b0 1000 ser\u00e1 escenario en<\/p>\n","protected":false},"author":1,"featured_media":106974,"comment_status":"closed","ping_status":"closed","sticky":false,"template":"","format":"standard","meta":{"kia_subtitle":"En estas Vacaciones de Invierno la Granja Educativa Municipal de Ministro Rivadavia abre sus puertas de martes a domingo y con entrada libre y gratuita se podr\u00e1 disfrutar de una variada agenda de actividades recreativas y pedag\u00f3gicas para las infancias y la familia.","footnotes":"","jetpack_publicize_message":"","jetpack_publicize_feature_enabled":true,"jetpack_social_post_already_shared":true,"jetpack_social_options":{"image_generator_settings":{"template":"highway","default_image_id":0,"font":"","enabled":false},"version":2}},"categories":[2,33,250],"tags":[],"class_list":["post-106973","post","type-post","status-publish","format-standard","has-post-thumbnail","hentry","category-alte-brown","category-alte-brown-alte-brown","category-ministro-rivadavia"],"jetpack_publicize_connections":[],"jetpack_featured_media_url":"https:\/\/laurbedigital.com.ar\/noticias\/wp-content\/uploads\/2024\/07\/20240715-Brown-granja-vaciones-de-invierno.jpg","_links":{"self":[{"href":"https:\/\/laurbedigital.com.ar\/noticias\/wp-json\/wp\/v2\/posts\/106973","targetHints":{"allow":["GET"]}}],"collection":[{"href":"https:\/\/laurbedigital.com.ar\/noticias\/wp-json\/wp\/v2\/posts"}],"about":[{"href":"https:\/\/laurbedigital.com.ar\/noticias\/wp-json\/wp\/v2\/types\/post"}],"author":[{"embeddable":true,"href":"https:\/\/laurbedigital.com.ar\/noticias\/wp-json\/wp\/v2\/users\/1"}],"replies":[{"embeddable":true,"href":"https:\/\/laurbedigital.com.ar\/noticias\/wp-json\/wp\/v2\/comments?post=106973"}],"version-history":[{"count":2,"href":"https:\/\/laurbedigital.com.ar\/noticias\/wp-json\/wp\/v2\/posts\/106973\/revisions"}],"predecessor-version":[{"id":106976,"href":"https:\/\/laurbedigital.com.ar\/noticias\/wp-json\/wp\/v2\/posts\/106973\/revisions\/106976"}],"wp:featuredmedia":[{"embeddable":true,"href":"https:\/\/laurbedigital.com.ar\/noticias\/wp-json\/wp\/v2\/media\/106974"}],"wp:attachment":[{"href":"https:\/\/laurbedigital.com.ar\/noticias\/wp-json\/wp\/v2\/media?parent=106973"}],"wp:term":[{"taxonomy":"category","embeddable":true,"href":"https:\/\/laurbedigital.com.ar\/noticias\/wp-json\/wp\/v2\/categories?post=106973"},{"taxonomy":"post_tag","embeddable":true,"href":"https:\/\/laurbedigital.com.ar\/noticias\/wp-json\/wp\/v2\/tags?post=106973"}],"curies":[{"name":"wp","href":"https:\/\/api.w.org\/{rel}","templated":true}]}}