{"id":106853,"date":"2024-07-11T13:34:29","date_gmt":"2024-07-11T16:34:29","guid":{"rendered":"https:\/\/laurbedigital.com.ar\/noticias\/?p=106853"},"modified":"2024-07-11T13:34:29","modified_gmt":"2024-07-11T16:34:29","slug":"vacaciones-de-invierno-el-municipio-ofrece-una-amplia-agenda-con-espectaculos-para-toda-la-familia","status":"publish","type":"post","link":"https:\/\/laurbedigital.com.ar\/noticias\/2024\/07\/11\/vacaciones-de-invierno-el-municipio-ofrece-una-amplia-agenda-con-espectaculos-para-toda-la-familia\/","title":{"rendered":"Vacaciones de Invierno: el Municipio ofrece una amplia agenda con espect\u00e1culos para toda la familia"},"content":{"rendered":"<p>Del s\u00e1bado 13 al domingo 28 de julio, con entrada libre y gratuita, y por orden de llegada, los m\u00e1s peque\u00f1os del hogar y todo el grupo familiar podr\u00e1 acceder en diferentes sedes culturales del distrito a divertidas jornadas de esparcimiento que incluyen funciones de teatro, cine, juegos y muchas otras atracciones.<\/p>\n<p>Las sedes disponibles para disfrutar de todas estas actividades son las Casas de la Cultura de Adrogu\u00e9, Ministro Rivadavia y Don Orione; la Biblioteca Municipal Esteban Adrogu\u00e9, la Fundaci\u00f3n Soldi, el Centro de Arte \u00abEnrique Santos Disc\u00e9polo\u00bb de Burzaco y las Sociedades de Fomento \u201cBarrio Lindo\u201d y \u201cEl Encuentro\u201d de Malvinas Argentinas.<\/p>\n<p>\u201cUna vez m\u00e1s, en vacaciones de invierno, desde nuestro Instituto Municipal de las Culturas ponemos a disposici\u00f3n de todo el grupo familiar, en especial para los ni\u00f1os y ni\u00f1as, numerosas propuestas culturales libres y gratuitas para el disfrute y recreaci\u00f3n\u201d, indic\u00f3 el intendente municipal Mariano Cascallares.<\/p>\n<h3><b>Actividades<\/b><\/h3>\n<h4><b>Centro de Arte y Cultura E. Santos Disc\u00e9polo- (E. de Burzaco N\u00b0 740, Burzaco)<\/b><\/h4>\n<p>En dicho espacio las actividades est\u00e1n previstas a partir de las 15 horas. Justamente el lunes 15 se proyectar\u00e1 la pel\u00edcula \u201cMetegol\u201d; en tanto, el martes 16 llegar\u00e1 el teatro con \u201cEl M\u00e1gico Mundo de las Princesas \u201c, y el mi\u00e9rcoles 17 el cine con \u201cNatacha\u201d.<\/p>\n<p>Para el jueves 18 se prev\u00e9 la presentaci\u00f3n teatral \u201cHaciendo Comunidad\u201d, y el viernes 19 de \u201cEl Principito. El lunes 22 llega una nueva pel\u00edcula \u201cBikes\u201d; y el martes 23 los m\u00e1s chicos se deleitar\u00e1n con cuentos inolvidables de la mano de Las Princesas de Disney.<\/p>\n<p>El mi\u00e9rcoles 24, habr\u00e1 cine con \u201cEl Gigante Ego\u00edsta\u201d; el jueves 25 vuelve el espect\u00e1culo \u201cHaciendo Comunidad\u201d y el viernes 26 se cierra la semana con la presentaci\u00f3n de \u201cEl Recital de Alm\u00edbar \u201c.<\/p>\n<h4><b>Biblioteca Municipal Esteban Adrogu\u00e9 (La Rosa N\u00b0 974)<\/b><\/h4>\n<p><img loading=\"lazy\" decoding=\"async\" class=\"alignnone size-full wp-image-78442\" src=\"https:\/\/laurbedigital.com.ar\/noticias\/wp-content\/uploads\/2022\/06\/20220630-Brown-Biblioteca.jpg\" alt=\"\" width=\"768\" height=\"428\" title=\"\" srcset=\"https:\/\/laurbedigital.com.ar\/noticias\/wp-content\/uploads\/2022\/06\/20220630-Brown-Biblioteca.jpg 768w, https:\/\/laurbedigital.com.ar\/noticias\/wp-content\/uploads\/2022\/06\/20220630-Brown-Biblioteca-300x167.jpg 300w\" sizes=\"auto, (max-width: 768px) 100vw, 768px\" \/><\/p>\n<p>En vacaciones habr\u00e1 lectura de cuentos y algo m\u00e1s para todas las edades, los martes 16 y 23 y los jueves 18 y 25 de julio, a las 15 horas.<\/p>\n<p>Tambi\u00e9n se podr\u00e1 disfrutar de la Sala de Escape, con juegos, pruebas y enigmas para resolver y escapar, los lunes, mi\u00e9rcoles y viernes. En la biblioteca habr\u00e1 experiencias l\u00fadicas para las\u00a0infancias de 7 a 11 a\u00f1os, m\u00e1s un adulto (15 horas); mientras que a las 16.30 para los j\u00f3venes\u00a0 de 12 a 17 a\u00f1os. Los viernes 19 y 26, a las 18 horas, habr\u00e1 funci\u00f3n especial matin\u00e9 para adultos (mayores de 18 a\u00f1os). Vale se\u00f1alar que\u00a0se requiere inscripci\u00f3n previa ya que los cupos son limitados.<\/p>\n<h4><b>Casa de la Cultura de Adrogu\u00e9 (Esteban Adrogu\u00e9 N\u00b0 1224)<\/b><\/h4>\n<p><img loading=\"lazy\" decoding=\"async\" class=\"alignnone size-full wp-image-96787\" src=\"https:\/\/laurbedigital.com.ar\/noticias\/wp-content\/uploads\/2023\/10\/20231013-Brown-Casa-de-la-Cutura-Adrogue.jpg\" alt=\"\" width=\"768\" height=\"428\" title=\"\" srcset=\"https:\/\/laurbedigital.com.ar\/noticias\/wp-content\/uploads\/2023\/10\/20231013-Brown-Casa-de-la-Cutura-Adrogue.jpg 768w, https:\/\/laurbedigital.com.ar\/noticias\/wp-content\/uploads\/2023\/10\/20231013-Brown-Casa-de-la-Cutura-Adrogue-300x167.jpg 300w\" sizes=\"auto, (max-width: 768px) 100vw, 768px\" \/><\/p>\n<p>En esta sede cultural se proyectar\u00e1, siempre en el horario de las 15, el lunes 15 y jueves 25 de julio la pel\u00edcula \u201cMetegol\u201d, mientras que el martes 16 ser\u00e1 el turno para \u201cNatacha\u201d, el jueves 18 para \u201cBikes\u201d, el lunes 22 para \u201cBruno Motoneta\u201d y el martes 23 para \u201cEl Gigante Ego\u00edsta\u201d.<\/p>\n<p>Por otro lado, se presentar\u00e1n las siguientes obras teatrales: los mi\u00e9rcoles 17 y 24 llega \u201cEl Circo de Primavera y Chulip\u00e1n a cargo de la Compa\u00f1\u00eda Cabeza de Alfajor; el viernes 19 se podr\u00e1 disfrutar de \u201cEl m\u00e1gico mundo de las Princesas\u201d y el d\u00eda 26 de Cuentos inolvidables -con las Princesas de Disney.<\/p>\n<p>Tambi\u00e9n habr\u00e1 funciones de cine distendidas para ni\u00f1os con autismo. Se proyectar\u00e1n \u201cLa M\u00e1quina que hace Estrellas\u201d, el jueves 18, y \u201cEl Gigante Ego\u00edsta\u201d, el jueves 25, ambas en el horario de las 18.<\/p>\n<p>En vacaciones tambi\u00e9n se podr\u00e1 participar el s\u00e1bado 13 y el domingo 14 de dos jornadas inolvidables del Encuentro Regional de Juegos de Mesa -Conurbano Sur, con propuestas para todas las edades. Dichas actividades tendr\u00e1n lugar de 12 a 20.<\/p>\n<p>Mientras que el s\u00e1bado 20 y el domingo 21, a las 14 horas, se llevar\u00e1 adelante un encuentro de PAF Comics- Anim\u00e9 y Retroedici\u00f3n 80\/90\/2000, con KPop, Cultura Pop, dibujantes, Cosplay, talleres, Rol, Zona Gamer, historietas, cine, series, juegos, shows en vivo y mucho m\u00e1s.<\/p>\n<h4><b>Fundaci\u00f3n Soldi (Obligado N\u00b0 336, Glew)<\/b><\/h4>\n<p><img loading=\"lazy\" decoding=\"async\" class=\"alignnone size-full wp-image-89752\" src=\"https:\/\/laurbedigital.com.ar\/noticias\/wp-content\/uploads\/2023\/03\/20230325-Brown-soldi.jpg\" alt=\"\" width=\"768\" height=\"428\" title=\"\" srcset=\"https:\/\/laurbedigital.com.ar\/noticias\/wp-content\/uploads\/2023\/03\/20230325-Brown-soldi.jpg 768w, https:\/\/laurbedigital.com.ar\/noticias\/wp-content\/uploads\/2023\/03\/20230325-Brown-soldi-300x167.jpg 300w\" sizes=\"auto, (max-width: 768px) 100vw, 768px\" \/><\/p>\n<p>En la fundaci\u00f3n, las familias brownianas podr\u00e1n deleitarse con mucho teatro.<\/p>\n<p>Los espect\u00e1culos previstos para las 15 horas son: los lunes 15 y 22 de julio se presentar\u00e1 la obra \u201cCollar de Palabras\u201d (palabras que abrazan, juegan y cantan); los mi\u00e9rcoles 17 y 24 \u201cCapa Caperucita\u201d, el viernes 19 \u201cPrincesas, una aventura congelada en Arabia\u201d, y el 26 \u201cPrincesas, una aventura congelada en los reinos fant\u00e1sticos\u201d.<\/p>\n<h4><b>Casa de la Cultura de Ministro Rivadavia (Motti de Muesca N\u00b0 301)<\/b><\/h4>\n<p>Aqu\u00ed tambi\u00e9n las actividades arrancan a las 15 horas. En el lugar, el lunes 15 y el 22 se realizar\u00e1 la presentaci\u00f3n teatral de \u201cEnamorate de la Risa\u201d con Papelito y Pastelito; los martes 16 y 23 de \u201cCapa Caperucita\u201d; y los viernes 19 y 26 es el turno para \u201cCircumbia\u201d a cargo de la Payasa Pira.<\/p>\n<p>Tambi\u00e9n habr\u00e1 cine con \u201cMetegol\u201d el mi\u00e9rcoles 17, \u201cBikes\u201d el jueves 18, \u201cNatacha\u201d el mi\u00e9rcoles 24, y \u201cBruno Motoneta\u201d el jueves 25.<\/p>\n<h4><b>Casa de la Cultura \u201cLuis Sandrini\u201d, Don Orione (Av. Eva Per\u00f3n N\u00b0 1948)<\/b><\/h4>\n<p>Dicha sede cultural se vestir\u00e1 de fiesta, desde las 15, con funciones teatrales y de cine para todos los gustos.<\/p>\n<p>Est\u00e1 previsto para el lunes 15 y el 22 de julio la presentaci\u00f3n de la obra \u201c\u00bfJugamos?\u201d. Mientras que los mi\u00e9rcoles 17 y 24 \u201cM\u00fasica y Humor para toda la familia\u201d, a cargo de la familia Bachicha. En tanto, el viernes 19 se presentar\u00e1 \u201cEl Recital de Alm\u00edbar\u201d, y el 26 \u201cEl Principito\u201d.<\/p>\n<p>Para quienes quieran unas buenas pel\u00edculas, se proyectar\u00e1 el martes 16 \u201cMetegol\u201d, el jueves 18 \u201cBikes\u201d, el martes 23 \u201cEl Gigante Ego\u00edsta\u201d y finalmente el jueves 25 \u201cBruno Motoneta\u201d<\/p>\n<h4><b>Sociedad de Fomento El Encuentro Malvinas Argentinas (Gast\u00f3n Jaris esquina Serrano)<\/b><\/h4>\n<p>En la instituci\u00f3n los m\u00e1s chicos podr\u00e1n disfrutar de tardes de pel\u00edculas, a partir de las 15 horas.<\/p>\n<p>El lunes 15 y el mi\u00e9rcoles 24 de julio de proyectar\u00e1 \u201cMetegol\u201d; el mi\u00e9rcoles 17 \u201cBikes\u201d, el viernes 19 \u201cNatacha\u201d; el lunes 22 \u201cEl Gigante Ego\u00edsta\u201d y el viernes 26 \u201cBruno Motoneta\u201d.<\/p>\n<h4><b>Sociedad de Fomento Barrio Lindo, Malvinas (Madariaga N\u00b0 159)<\/b><\/h4>\n<p>El teatro llega a este lugar con \u201cM\u00fasica y Humor para toda la Familia\u201d, a cargo de la familia Bachicha, el martes 16 y 23 de julio. En tanto, los jueves 18 y 25, llegar\u00e1 la obra \u201cEnamorate de la Risa\u201d con Papelito y Pastelito, tambi\u00e9n desde las 15.<\/p>\n<p>En vacaciones tambi\u00e9n, el domingo 14 de julio desde las 14 horas, la Plaza Manuel Belgrano de Burzaco (25 de Mayo y Quintana), ser\u00e1 escenario de una jornada de PAF Comics -Fant\u00e1stica Medieval, con feria, recreacionismo hist\u00f3rico, artesanos, charlas, m\u00fasica en vivo y los Food Trucks.<\/p>\n","protected":false},"excerpt":{"rendered":"<p>Del s\u00e1bado 13 al domingo 28 de julio, con entrada libre y gratuita, y por orden de llegada, los m\u00e1s<\/p>\n","protected":false},"author":1,"featured_media":78678,"comment_status":"closed","ping_status":"closed","sticky":false,"template":"","format":"standard","meta":{"kia_subtitle":"Como todos los a\u00f1os, durante el receso escolar de invierno el Municipio de Almirante Brown ofrecer\u00e1 una variada agenda cultural con espect\u00e1culos y actividades recreativas para el deleite de chicos y grandes.","footnotes":"","jetpack_publicize_message":"","jetpack_publicize_feature_enabled":true,"jetpack_social_post_already_shared":true,"jetpack_social_options":{"image_generator_settings":{"template":"highway","default_image_id":0,"font":"","enabled":false},"version":2}},"categories":[2,33],"tags":[],"class_list":["post-106853","post","type-post","status-publish","format-standard","has-post-thumbnail","hentry","category-alte-brown","category-alte-brown-alte-brown"],"jetpack_publicize_connections":[],"jetpack_featured_media_url":"https:\/\/laurbedigital.com.ar\/noticias\/wp-content\/uploads\/2022\/07\/20220705-Brown-Vacaciones-de-invierno.jpg","_links":{"self":[{"href":"https:\/\/laurbedigital.com.ar\/noticias\/wp-json\/wp\/v2\/posts\/106853","targetHints":{"allow":["GET"]}}],"collection":[{"href":"https:\/\/laurbedigital.com.ar\/noticias\/wp-json\/wp\/v2\/posts"}],"about":[{"href":"https:\/\/laurbedigital.com.ar\/noticias\/wp-json\/wp\/v2\/types\/post"}],"author":[{"embeddable":true,"href":"https:\/\/laurbedigital.com.ar\/noticias\/wp-json\/wp\/v2\/users\/1"}],"replies":[{"embeddable":true,"href":"https:\/\/laurbedigital.com.ar\/noticias\/wp-json\/wp\/v2\/comments?post=106853"}],"version-history":[{"count":2,"href":"https:\/\/laurbedigital.com.ar\/noticias\/wp-json\/wp\/v2\/posts\/106853\/revisions"}],"predecessor-version":[{"id":106855,"href":"https:\/\/laurbedigital.com.ar\/noticias\/wp-json\/wp\/v2\/posts\/106853\/revisions\/106855"}],"wp:featuredmedia":[{"embeddable":true,"href":"https:\/\/laurbedigital.com.ar\/noticias\/wp-json\/wp\/v2\/media\/78678"}],"wp:attachment":[{"href":"https:\/\/laurbedigital.com.ar\/noticias\/wp-json\/wp\/v2\/media?parent=106853"}],"wp:term":[{"taxonomy":"category","embeddable":true,"href":"https:\/\/laurbedigital.com.ar\/noticias\/wp-json\/wp\/v2\/categories?post=106853"},{"taxonomy":"post_tag","embeddable":true,"href":"https:\/\/laurbedigital.com.ar\/noticias\/wp-json\/wp\/v2\/tags?post=106853"}],"curies":[{"name":"wp","href":"https:\/\/api.w.org\/{rel}","templated":true}]}}