{"id":106766,"date":"2024-07-08T13:29:31","date_gmt":"2024-07-08T16:29:31","guid":{"rendered":"https:\/\/laurbedigital.com.ar\/noticias\/?p=106766"},"modified":"2024-07-08T13:29:31","modified_gmt":"2024-07-08T16:29:31","slug":"almirante-brown-celebra-el-dia-de-la-independencia-con-un-acto-patrio-y-una-jornada-solidaria-en-longchamps","status":"publish","type":"post","link":"https:\/\/laurbedigital.com.ar\/noticias\/2024\/07\/08\/almirante-brown-celebra-el-dia-de-la-independencia-con-un-acto-patrio-y-una-jornada-solidaria-en-longchamps\/","title":{"rendered":"Almirante Brown celebra el D\u00eda de la Independencia con un acto patrio y una jornada solidaria en Longchamps"},"content":{"rendered":"<p style=\"font-weight: 400;\">Desde las 11 de la ma\u00f1ana en la plaza Alejo Giachetti, ubicada en la avenida Hip\u00f3lito Yrigoyen y Bol\u00edvar,\u00a0el intendente municipal Mariano Cascallares encabezar\u00e1 el acto oficial en homenaje a la gesta hist\u00f3rica que complet\u00f3 el proceso revolucionario que comenz\u00f3 en mayo de 1810 y que marc\u00f3 el inicio de la independencia de nuestro pa\u00eds.<\/p>\n<p style=\"font-weight: 400;\">Durante la celebraci\u00f3n, que contar\u00e1 con la presentaci\u00f3n de la Orquesta Escuela de Almirante Brown (OEAB), el Municipio entregar\u00e1 banderas de ceremonia y flameo -nacional y provincial- a numerosos establecimientos educativos de Almirante Brown.<\/p>\n<p style=\"font-weight: 400;\">En el mismo espacio p\u00fablico se desarrollar\u00e1 a partir del mediod\u00eda la Feria \u201cPaseo a Cielo Abierto\u201d que contar\u00e1 con comidas t\u00edpicas y espect\u00e1culos culturales al aire libre con el objetivo de colaborar con instituciones intermedias de esa querida localidad.<\/p>\n<p><img loading=\"lazy\" decoding=\"async\" class=\"alignnone size-full wp-image-106768\" src=\"https:\/\/laurbedigital.com.ar\/noticias\/wp-content\/uploads\/2024\/07\/20240708-Brown-9-de-julio-festejos-longchamps1.jpg\" alt=\"\" width=\"768\" height=\"428\" title=\"\" srcset=\"https:\/\/laurbedigital.com.ar\/noticias\/wp-content\/uploads\/2024\/07\/20240708-Brown-9-de-julio-festejos-longchamps1.jpg 768w, https:\/\/laurbedigital.com.ar\/noticias\/wp-content\/uploads\/2024\/07\/20240708-Brown-9-de-julio-festejos-longchamps1-300x167.jpg 300w\" sizes=\"auto, (max-width: 768px) 100vw, 768px\" \/><\/p>\n<p style=\"font-weight: 400;\">Est\u00e1 prevista que en dicha actividad se presenten, entre otros, el Ballet Sendero Gaucho, Los Maile\u00f1os, La Do\u00f1a Leo y Sangre Santiague\u00f1a.<\/p>\n<h6 style=\"font-weight: 400;\"><strong>\u201cLos invitamos a celebrar en familia y con amigos un nuevo aniversario de la declaraci\u00f3n de la Independencia de la Patria, en una jornada patri\u00f3tica y solidaria en beneficio de las instituciones intermedias de nuestro distrito\u201d, se\u00f1al\u00f3 Mariano Cascallares.<\/strong><\/h6>\n","protected":false},"excerpt":{"rendered":"<p>Desde las 11 de la ma\u00f1ana en la plaza Alejo Giachetti, ubicada en la avenida Hip\u00f3lito Yrigoyen y Bol\u00edvar,\u00a0el intendente<\/p>\n","protected":false},"author":1,"featured_media":106767,"comment_status":"closed","ping_status":"closed","sticky":false,"template":"","format":"standard","meta":{"kia_subtitle":"Este martes 9 de julio el Municipio de Almirante Brown celebrar\u00e1 el 208\u00b0 Aniversario de la Declaraci\u00f3n de la Independencia con un evento solidario y el correspondiente Acto Patrio en la localidad de Longchamps.","footnotes":"","jetpack_publicize_message":"","jetpack_publicize_feature_enabled":true,"jetpack_social_post_already_shared":true,"jetpack_social_options":{"image_generator_settings":{"template":"highway","default_image_id":0,"font":"","enabled":false},"version":2}},"categories":[2,33,53],"tags":[],"class_list":["post-106766","post","type-post","status-publish","format-standard","has-post-thumbnail","hentry","category-alte-brown","category-alte-brown-alte-brown","category-longchamps"],"jetpack_publicize_connections":[],"jetpack_featured_media_url":"https:\/\/laurbedigital.com.ar\/noticias\/wp-content\/uploads\/2024\/07\/20240708-Brown-9-de-julio-festejos-longchamps.jpg","_links":{"self":[{"href":"https:\/\/laurbedigital.com.ar\/noticias\/wp-json\/wp\/v2\/posts\/106766","targetHints":{"allow":["GET"]}}],"collection":[{"href":"https:\/\/laurbedigital.com.ar\/noticias\/wp-json\/wp\/v2\/posts"}],"about":[{"href":"https:\/\/laurbedigital.com.ar\/noticias\/wp-json\/wp\/v2\/types\/post"}],"author":[{"embeddable":true,"href":"https:\/\/laurbedigital.com.ar\/noticias\/wp-json\/wp\/v2\/users\/1"}],"replies":[{"embeddable":true,"href":"https:\/\/laurbedigital.com.ar\/noticias\/wp-json\/wp\/v2\/comments?post=106766"}],"version-history":[{"count":2,"href":"https:\/\/laurbedigital.com.ar\/noticias\/wp-json\/wp\/v2\/posts\/106766\/revisions"}],"predecessor-version":[{"id":106770,"href":"https:\/\/laurbedigital.com.ar\/noticias\/wp-json\/wp\/v2\/posts\/106766\/revisions\/106770"}],"wp:featuredmedia":[{"embeddable":true,"href":"https:\/\/laurbedigital.com.ar\/noticias\/wp-json\/wp\/v2\/media\/106767"}],"wp:attachment":[{"href":"https:\/\/laurbedigital.com.ar\/noticias\/wp-json\/wp\/v2\/media?parent=106766"}],"wp:term":[{"taxonomy":"category","embeddable":true,"href":"https:\/\/laurbedigital.com.ar\/noticias\/wp-json\/wp\/v2\/categories?post=106766"},{"taxonomy":"post_tag","embeddable":true,"href":"https:\/\/laurbedigital.com.ar\/noticias\/wp-json\/wp\/v2\/tags?post=106766"}],"curies":[{"name":"wp","href":"https:\/\/api.w.org\/{rel}","templated":true}]}}